{"id":12707,"date":"2025-04-24T09:52:25","date_gmt":"2025-04-24T07:52:25","guid":{"rendered":"https:\/\/radiojadranka.hr\/?p=12707"},"modified":"2025-04-24T10:08:59","modified_gmt":"2025-04-24T08:08:59","slug":"mario-okmazic-kandidan-za-gradonacelnika-a-akcija-mladih-samostalno-na-izbore","status":"publish","type":"post","link":"https:\/\/radiojadranka.hr\/index.php\/2025\/04\/24\/mario-okmazic-kandidan-za-gradonacelnika-a-akcija-mladih-samostalno-na-izbore\/","title":{"rendered":"Mario Okma\u017ei\u0107 kandidat za gradona\u010delnika, a Akcija mladih samostalno na izbore!"},"content":{"rendered":"<p>Na konferenciji za medije, sino\u0107 je gradona\u010delni\u010dku kandidaturu istaknuo Mario Okma\u017ei\u0107 iz Akcije mladih. Tako\u0111er, naglasio je kako \u0107e ova stranka na lokalne izbore iza\u0107i samostalno. \u201eOtok je nepravedno dru\u0161tvo s netransparentnom vla\u0161\u0107u koja ne stavlja gra\u0111ane na prvo mjesto\u201c.<\/p>\n<p>Okma\u017ei\u0107 je najavio neovisnu reviziju gradskih financija i izradu javnog registra nekretnina. U programu AM su i vra\u0107anje statusa mjesnim odborima s vlastitim prora\u010dunima, dovr\u0161etak vrti\u0107a, rekonstrukcija Doma zdravlja i novi prostorni plan s poslovnim zonama.<\/p>\n<p>&#8220;Ne \u017eelim politi\u010dku ambiciju, ve\u0107 slu\u017eiti svom domu&#8221;, poru\u010dio je Okma\u017ei\u0107, dodaju\u0107i da AM na izbore izlazi samostalno, ali je otvoren za suradnju s svima onima koji \u017eele rje\u0161avati klju\u010dne probleme. Vjeruje da gra\u0111ani ovaj put ne\u0107e podr\u017eati &#8220;postizbornu trgovinu&#8221; i \u017eele promjene. Lista kandidata bit \u0107e objavljena nakon predaje izbornom povjerenstvu.<\/p>\n<p>Poslu\u0161ajte konferenciju za medije u cijelosti&#8230;.<\/p>\n<div id='gallery-1' class='gallery galleryid-12707 gallery-columns-3 gallery-size-thumbnail'><figure class='gallery-item'>\n\t\t\t<div class='gallery-icon landscape'>\n\t\t\t\t<a href='https:\/\/radiojadranka.hr\/index.php\/2025\/04\/23\/naucimo-mlade-sve-guste-nase-kuhine-stare-i-taste-of-vitality-na-glavnom-gradskom-trgu\/img20250423191410-1\/'><img decoding=\"async\" width=\"150\" height=\"150\" src=\"https:\/\/radiojadranka.hr\/wp-content\/uploads\/2025\/04\/IMG20250423191410-1-150x150.jpg\" class=\"attachment-thumbnail size-thumbnail\" alt=\"\" srcset=\"https:\/\/radiojadranka.hr\/wp-content\/uploads\/2025\/04\/IMG20250423191410-1-150x150.jpg 150w, https:\/\/radiojadranka.hr\/wp-content\/uploads\/2025\/04\/IMG20250423191410-1-100x100.jpg 100w, https:\/\/radiojadranka.hr\/wp-content\/uploads\/2025\/04\/IMG20250423191410-1-370x370.jpg 370w\" sizes=\"(max-width: 150px) 100vw, 150px\" \/><\/a>\n\t\t\t<\/div><\/figure><figure class='gallery-item'>\n\t\t\t<div class='gallery-icon landscape'>\n\t\t\t\t<a href='https:\/\/radiojadranka.hr\/index.php\/2025\/04\/23\/naucimo-mlade-sve-guste-nase-kuhine-stare-i-taste-of-vitality-na-glavnom-gradskom-trgu\/img20250423191403-1\/'><img decoding=\"async\" width=\"150\" height=\"150\" src=\"https:\/\/radiojadranka.hr\/wp-content\/uploads\/2025\/04\/IMG20250423191403-1-150x150.jpg\" class=\"attachment-thumbnail size-thumbnail\" alt=\"\" srcset=\"https:\/\/radiojadranka.hr\/wp-content\/uploads\/2025\/04\/IMG20250423191403-1-150x150.jpg 150w, https:\/\/radiojadranka.hr\/wp-content\/uploads\/2025\/04\/IMG20250423191403-1-100x100.jpg 100w, https:\/\/radiojadranka.hr\/wp-content\/uploads\/2025\/04\/IMG20250423191403-1-370x370.jpg 370w\" sizes=\"(max-width: 150px) 100vw, 150px\" \/><\/a>\n\t\t\t<\/div><\/figure><figure class='gallery-item'>\n\t\t\t<div class='gallery-icon portrait'>\n\t\t\t\t<a href='https:\/\/radiojadranka.hr\/index.php\/2025\/04\/23\/naucimo-mlade-sve-guste-nase-kuhine-stare-i-taste-of-vitality-na-glavnom-gradskom-trgu\/img20250423191554-1\/'><img decoding=\"async\" width=\"150\" height=\"150\" src=\"https:\/\/radiojadranka.hr\/wp-content\/uploads\/2025\/04\/IMG20250423191554-1-150x150.jpg\" class=\"attachment-thumbnail size-thumbnail\" alt=\"\" srcset=\"https:\/\/radiojadranka.hr\/wp-content\/uploads\/2025\/04\/IMG20250423191554-1-150x150.jpg 150w, https:\/\/radiojadranka.hr\/wp-content\/uploads\/2025\/04\/IMG20250423191554-1-100x100.jpg 100w, https:\/\/radiojadranka.hr\/wp-content\/uploads\/2025\/04\/IMG20250423191554-1-370x370.jpg 370w\" sizes=\"(max-width: 150px) 100vw, 150px\" \/><\/a>\n\t\t\t<\/div><\/figure><figure class='gallery-item'>\n\t\t\t<div class='gallery-icon portrait'>\n\t\t\t\t<a href='https:\/\/radiojadranka.hr\/index.php\/2025\/04\/23\/naucimo-mlade-sve-guste-nase-kuhine-stare-i-taste-of-vitality-na-glavnom-gradskom-trgu\/img20250423191600-1\/'><img loading=\"lazy\" decoding=\"async\" width=\"150\" height=\"150\" src=\"https:\/\/radiojadranka.hr\/wp-content\/uploads\/2025\/04\/IMG20250423191600-1-150x150.jpg\" class=\"attachment-thumbnail size-thumbnail\" alt=\"\" srcset=\"https:\/\/radiojadranka.hr\/wp-content\/uploads\/2025\/04\/IMG20250423191600-1-150x150.jpg 150w, https:\/\/radiojadranka.hr\/wp-content\/uploads\/2025\/04\/IMG20250423191600-1-100x100.jpg 100w, https:\/\/radiojadranka.hr\/wp-content\/uploads\/2025\/04\/IMG20250423191600-1-370x370.jpg 370w\" sizes=\"(max-width: 150px) 100vw, 150px\" \/><\/a>\n\t\t\t<\/div><\/figure>\n\t\t<\/div>\n\n<p><iframe title=\"230425 Akcija Mladih Predstavljanje Kandidata Mario Okmazic\" width=\"100%\" height=\"120\" src=\"https:\/\/www.mixcloud.com\/widget\/iframe\/?feed=https%3A%2F%2Fwww.mixcloud.com%2Fradio_jadranka%2F230425-akcija-mladih-predstavljanje-kandidata-mario-okmazic%2F&amp;hide_cover=1\" frameborder=\"0\"><\/iframe><\/p>\n","protected":false},"excerpt":{"rendered":"<p>Na konferenciji za medije, sino\u0107 je gradona\u010delni\u010dku kandidaturu istaknuo Mario Okma\u017ei\u0107 iz Akcije mladih. Tako\u0111er, naglasio je kako \u0107e ova stranka na lokalne izbore iza\u0107i samostalno. \u201eOtok je nepravedno dru\u0161tvo s netransparentnom vla\u0161\u0107u koja ne stavlja gra\u0111ane na prvo mjesto\u201c. Okma\u017ei\u0107 je najavio neovisnu reviziju gradskih financija i izradu javnog ...<\/p>\n","protected":false},"author":2,"featured_media":12711,"comment_status":"closed","ping_status":"open","sticky":false,"template":"","format":"audio","meta":{"footnotes":""},"categories":[72],"tags":[],"class_list":["post-12707","post","type-post","status-publish","format-audio","has-post-thumbnail","hentry","category-vijesti","post_format-post-format-audio"],"aioseo_notices":[],"_links":{"self":[{"href":"https:\/\/radiojadranka.hr\/index.php\/wp-json\/wp\/v2\/posts\/12707","targetHints":{"allow":["GET"]}}],"collection":[{"href":"https:\/\/radiojadranka.hr\/index.php\/wp-json\/wp\/v2\/posts"}],"about":[{"href":"https:\/\/radiojadranka.hr\/index.php\/wp-json\/wp\/v2\/types\/post"}],"author":[{"embeddable":true,"href":"https:\/\/radiojadranka.hr\/index.php\/wp-json\/wp\/v2\/users\/2"}],"replies":[{"embeddable":true,"href":"https:\/\/radiojadranka.hr\/index.php\/wp-json\/wp\/v2\/comments?post=12707"}],"version-history":[{"count":3,"href":"https:\/\/radiojadranka.hr\/index.php\/wp-json\/wp\/v2\/posts\/12707\/revisions"}],"predecessor-version":[{"id":12716,"href":"https:\/\/radiojadranka.hr\/index.php\/wp-json\/wp\/v2\/posts\/12707\/revisions\/12716"}],"wp:featuredmedia":[{"embeddable":true,"href":"https:\/\/radiojadranka.hr\/index.php\/wp-json\/wp\/v2\/media\/12711"}],"wp:attachment":[{"href":"https:\/\/radiojadranka.hr\/index.php\/wp-json\/wp\/v2\/media?parent=12707"}],"wp:term":[{"taxonomy":"category","embeddable":true,"href":"https:\/\/radiojadranka.hr\/index.php\/wp-json\/wp\/v2\/categories?post=12707"},{"taxonomy":"post_tag","embeddable":true,"href":"https:\/\/radiojadranka.hr\/index.php\/wp-json\/wp\/v2\/tags?post=12707"}],"curies":[{"name":"wp","href":"https:\/\/api.w.org\/{rel}","templated":true}]}}