{"id":12701,"date":"2025-04-23T14:09:53","date_gmt":"2025-04-23T12:09:53","guid":{"rendered":"https:\/\/radiojadranka.hr\/?p=12701"},"modified":"2025-04-23T14:09:53","modified_gmt":"2025-04-23T12:09:53","slug":"naucimo-mlade-sve-guste-nase-kuhine-stare-i-taste-of-vitality-na-glavnom-gradskom-trgu","status":"publish","type":"post","link":"https:\/\/radiojadranka.hr\/index.php\/2025\/04\/23\/naucimo-mlade-sve-guste-nase-kuhine-stare-i-taste-of-vitality-na-glavnom-gradskom-trgu\/","title":{"rendered":"Nau\u010dimo mlade sve gu\u0161te na\u0161e kuhine stare i Taste of Vitality, na glavnom gradskom trgu!"},"content":{"rendered":"<p>Drugu godinu za redom Udru\u017eenje obrtnika Cres-Lo\u0161inj i srednja \u0161kola Ambroza Hara\u010di\u0107a &#8211; ugostitelji pripremaju prezentaciju tradicijskih jela na\u0161ih otoka, pod nazivom &#8220;Nau\u010dimo mlade sve gu\u0161te na\u0161e kuhine stare&#8221;! Danas smo u na\u0161oj emisiji Portret obrtnika razgovarali s Adrianom Nikoli\u0107em i Ivanom Milu\u0161i\u0107 o realizaciji ovog hvale vrijednog projekta. Poslu\u0161ajte emisiju na sljede\u0107oj poveznici <a href=\"https:\/\/radiojadranka.hr\/index.php\/podcast\/naucimo-mlade-sve-nase-guste-kuhinje-stare-udruzenje-obrtnika-i-srednja-skola-ambroza-haracica\/\">link<\/a><\/p>\n<p>Otok Lo\u0161inj od sutra, <strong>24. travnja, pa sve do 31. svibnja 2025.<\/strong>, bit \u0107e doma\u0107in jedinstvenog gastronomskog doga\u0111aja \u2013 &#8220;Taste of Vitality \u2013 Lo\u0161inj Food Festivala&#8221;, koji stavlja naglasak na zdravu i ukusnu hranu.<\/p>\n<p>Sve\u010dano otvorenje festivala odr\u017eat \u0107e se <strong>sutra, 24. travnja u 18 sati<\/strong>. Posjetitelji \u0107e imati priliku ku\u0161ati posebna jela s oznakom &#8220;Taste of Vitality&#8221;, kreirana s ciljem promicanja vitalnosti i energije. Ova oznaka jam\u010di nutritivno bogate obroke, pa\u017eljivo odabrane sastojke te posebne na\u010dine kuhanja i pripreme.<\/p>\n<p><strong>Posebna ponuda!<\/strong><\/p>\n<p>Tijekom trajanja festivala, <strong>od 24. travnja do 31. svibnja<\/strong>, restorani koji u svojoj ponudi imaju jela s oznakom &#8220;Taste of Vitality&#8221; nudit \u0107e <strong>posebne popuste<\/strong> na ta jela.<\/p>\n<p><iframe title=\"230425 Dalibor Cvitkovic\" width=\"100%\" height=\"120\" src=\"https:\/\/www.mixcloud.com\/widget\/iframe\/?feed=https%3A%2F%2Fwww.mixcloud.com%2Fradio_jadranka%2F230425-dalibor-cvitkovic%2F&amp;hide_cover=1\" frameborder=\"0\"><\/iframe><\/p>\n","protected":false},"excerpt":{"rendered":"<p>Drugu godinu za redom Udru\u017eenje obrtnika Cres-Lo\u0161inj i srednja \u0161kola Ambroza Hara\u010di\u0107a &#8211; ugostitelji pripremaju prezentaciju tradicijskih jela na\u0161ih otoka, pod nazivom &#8220;Nau\u010dimo mlade sve gu\u0161te na\u0161e kuhine stare&#8221;! Danas smo u na\u0161oj emisiji Portret obrtnika razgovarali s Adrianom Nikoli\u0107em i Ivanom Milu\u0161i\u0107 o realizaciji ovog hvale vrijednog projekta. Poslu\u0161ajte ...<\/p>\n","protected":false},"author":2,"featured_media":12702,"comment_status":"closed","ping_status":"open","sticky":false,"template":"","format":"audio","meta":{"footnotes":""},"categories":[72],"tags":[],"class_list":["post-12701","post","type-post","status-publish","format-audio","has-post-thumbnail","hentry","category-vijesti","post_format-post-format-audio"],"aioseo_notices":[],"_links":{"self":[{"href":"https:\/\/radiojadranka.hr\/index.php\/wp-json\/wp\/v2\/posts\/12701","targetHints":{"allow":["GET"]}}],"collection":[{"href":"https:\/\/radiojadranka.hr\/index.php\/wp-json\/wp\/v2\/posts"}],"about":[{"href":"https:\/\/radiojadranka.hr\/index.php\/wp-json\/wp\/v2\/types\/post"}],"author":[{"embeddable":true,"href":"https:\/\/radiojadranka.hr\/index.php\/wp-json\/wp\/v2\/users\/2"}],"replies":[{"embeddable":true,"href":"https:\/\/radiojadranka.hr\/index.php\/wp-json\/wp\/v2\/comments?post=12701"}],"version-history":[{"count":2,"href":"https:\/\/radiojadranka.hr\/index.php\/wp-json\/wp\/v2\/posts\/12701\/revisions"}],"predecessor-version":[{"id":12713,"href":"https:\/\/radiojadranka.hr\/index.php\/wp-json\/wp\/v2\/posts\/12701\/revisions\/12713"}],"wp:featuredmedia":[{"embeddable":true,"href":"https:\/\/radiojadranka.hr\/index.php\/wp-json\/wp\/v2\/media\/12702"}],"wp:attachment":[{"href":"https:\/\/radiojadranka.hr\/index.php\/wp-json\/wp\/v2\/media?parent=12701"}],"wp:term":[{"taxonomy":"category","embeddable":true,"href":"https:\/\/radiojadranka.hr\/index.php\/wp-json\/wp\/v2\/categories?post=12701"},{"taxonomy":"post_tag","embeddable":true,"href":"https:\/\/radiojadranka.hr\/index.php\/wp-json\/wp\/v2\/tags?post=12701"}],"curies":[{"name":"wp","href":"https:\/\/api.w.org\/{rel}","templated":true}]}}