{"id":12684,"date":"2025-04-22T14:29:48","date_gmt":"2025-04-22T12:29:48","guid":{"rendered":"https:\/\/radiojadranka.hr\/?p=12684"},"modified":"2025-04-22T14:53:23","modified_gmt":"2025-04-22T12:53:23","slug":"politicka-utrka-se-zahuktava-prikupljaju-se-potpisi","status":"publish","type":"post","link":"https:\/\/radiojadranka.hr\/index.php\/2025\/04\/22\/politicka-utrka-se-zahuktava-prikupljaju-se-potpisi\/","title":{"rendered":"Politi\u010dka utrka se zahuktava, prikupljaju se potpisi!"},"content":{"rendered":"<p>Jutros smo na glavnom gradskom trgu u Malom Lo\u0161inju svjedo\u010dili javnom prikupljanju potpisa za kandidature gradona\u010delnica na predstoje\u0107im lokalnim izborima. S jedne strane trga potpise je prikupljala Silvija Kocijan, dok je na suprotnoj strani bila Ana Ku\u010di\u0107. Oba \u0161tanda imala su \u010dlanove, podupiratelje i strana\u010dke volontere koji su do\u010dekivali gra\u0111ane. Naime, za kandidaturu je potrebno prikupiti 250 potpisa gra\u0111ana. Potpis jednoj kandidatkinji ne isklju\u010duje potporu i drugoj, odnosno drugim kandidatima za mjesto gradona\u010delnika. Tako da smo svjedo\u010dili da su pojedini gra\u0111ani potpise dali i jednoj i drugoj kandidatkinji! Izbori \u0107e se odr\u017eati u nedjelju 18. svibnja, gra\u0111ani mogu glasati isklju\u010divo na mjestu svog prebivali\u0161ta, a do 7. svibnja u pono\u0107 mogu promijeniti svoje podatke u registru bira\u010da.<\/p>\n<div id='gallery-1' class='gallery galleryid-12684 gallery-columns-3 gallery-size-thumbnail'><figure class='gallery-item'>\n\t\t\t<div class='gallery-icon portrait'>\n\t\t\t\t<a href='https:\/\/radiojadranka.hr\/index.php\/2025\/04\/22\/marin-brcic-postao-zapovjednik-javne-vatrogasne-postrojbe-mali-losinj\/img20250422122818-1\/'><img decoding=\"async\" width=\"150\" height=\"150\" src=\"https:\/\/radiojadranka.hr\/wp-content\/uploads\/2025\/04\/IMG20250422122818-1-150x150.jpg\" class=\"attachment-thumbnail size-thumbnail\" alt=\"\" srcset=\"https:\/\/radiojadranka.hr\/wp-content\/uploads\/2025\/04\/IMG20250422122818-1-150x150.jpg 150w, https:\/\/radiojadranka.hr\/wp-content\/uploads\/2025\/04\/IMG20250422122818-1-100x100.jpg 100w, https:\/\/radiojadranka.hr\/wp-content\/uploads\/2025\/04\/IMG20250422122818-1-370x370.jpg 370w\" sizes=\"(max-width: 150px) 100vw, 150px\" \/><\/a>\n\t\t\t<\/div><\/figure><figure class='gallery-item'>\n\t\t\t<div class='gallery-icon portrait'>\n\t\t\t\t<a href='https:\/\/radiojadranka.hr\/index.php\/2025\/04\/22\/marin-brcic-postao-zapovjednik-javne-vatrogasne-postrojbe-mali-losinj\/img20250422122927-1\/'><img decoding=\"async\" width=\"150\" height=\"150\" src=\"https:\/\/radiojadranka.hr\/wp-content\/uploads\/2025\/04\/IMG20250422122927-1-150x150.jpg\" class=\"attachment-thumbnail size-thumbnail\" alt=\"\" srcset=\"https:\/\/radiojadranka.hr\/wp-content\/uploads\/2025\/04\/IMG20250422122927-1-150x150.jpg 150w, https:\/\/radiojadranka.hr\/wp-content\/uploads\/2025\/04\/IMG20250422122927-1-100x100.jpg 100w, https:\/\/radiojadranka.hr\/wp-content\/uploads\/2025\/04\/IMG20250422122927-1-370x370.jpg 370w\" sizes=\"(max-width: 150px) 100vw, 150px\" \/><\/a>\n\t\t\t<\/div><\/figure><figure class='gallery-item'>\n\t\t\t<div class='gallery-icon portrait'>\n\t\t\t\t<a href='https:\/\/radiojadranka.hr\/index.php\/2025\/04\/22\/politicka-utrka-se-zahuktava-prikupljaju-se-potpisi\/img20250422122829aa\/'><img decoding=\"async\" width=\"150\" height=\"150\" src=\"https:\/\/radiojadranka.hr\/wp-content\/uploads\/2025\/04\/IMG20250422122829Aa-150x150.jpg\" class=\"attachment-thumbnail size-thumbnail\" alt=\"\" aria-describedby=\"gallery-1-12687\" srcset=\"https:\/\/radiojadranka.hr\/wp-content\/uploads\/2025\/04\/IMG20250422122829Aa-150x150.jpg 150w, https:\/\/radiojadranka.hr\/wp-content\/uploads\/2025\/04\/IMG20250422122829Aa-100x100.jpg 100w, https:\/\/radiojadranka.hr\/wp-content\/uploads\/2025\/04\/IMG20250422122829Aa-370x370.jpg 370w\" sizes=\"(max-width: 150px) 100vw, 150px\" \/><\/a>\n\t\t\t<\/div>\n\t\t\t\t<figcaption class='wp-caption-text gallery-caption' id='gallery-1-12687'>\n\t\t\t\t????????\n\t\t\t\t<\/figcaption><\/figure><figure class='gallery-item'>\n\t\t\t<div class='gallery-icon landscape'>\n\t\t\t\t<a href='https:\/\/radiojadranka.hr\/index.php\/2025\/04\/22\/marin-brcic-postao-zapovjednik-javne-vatrogasne-postrojbe-mali-losinj\/img20250422122941-1\/'><img loading=\"lazy\" decoding=\"async\" width=\"150\" height=\"150\" src=\"https:\/\/radiojadranka.hr\/wp-content\/uploads\/2025\/04\/IMG20250422122941-1-150x150.jpg\" class=\"attachment-thumbnail size-thumbnail\" alt=\"\" srcset=\"https:\/\/radiojadranka.hr\/wp-content\/uploads\/2025\/04\/IMG20250422122941-1-150x150.jpg 150w, https:\/\/radiojadranka.hr\/wp-content\/uploads\/2025\/04\/IMG20250422122941-1-100x100.jpg 100w, https:\/\/radiojadranka.hr\/wp-content\/uploads\/2025\/04\/IMG20250422122941-1-370x370.jpg 370w\" sizes=\"(max-width: 150px) 100vw, 150px\" \/><\/a>\n\t\t\t<\/div><\/figure>\n\t\t<\/div>\n\n","protected":false},"excerpt":{"rendered":"<p>Jutros smo na glavnom gradskom trgu u Malom Lo\u0161inju svjedo\u010dili javnom prikupljanju potpisa za kandidature gradona\u010delnica na predstoje\u0107im lokalnim izborima. S jedne strane trga potpise je prikupljala Silvija Kocijan, dok je na suprotnoj strani bila Ana Ku\u010di\u0107. Oba \u0161tanda imala su \u010dlanove, podupiratelje i strana\u010dke volontere koji su do\u010dekivali gra\u0111ane. ...<\/p>\n","protected":false},"author":2,"featured_media":12685,"comment_status":"closed","ping_status":"open","sticky":false,"template":"","format":"audio","meta":{"footnotes":""},"categories":[72],"tags":[],"class_list":["post-12684","post","type-post","status-publish","format-audio","has-post-thumbnail","hentry","category-vijesti","post_format-post-format-audio"],"aioseo_notices":[],"_links":{"self":[{"href":"https:\/\/radiojadranka.hr\/index.php\/wp-json\/wp\/v2\/posts\/12684","targetHints":{"allow":["GET"]}}],"collection":[{"href":"https:\/\/radiojadranka.hr\/index.php\/wp-json\/wp\/v2\/posts"}],"about":[{"href":"https:\/\/radiojadranka.hr\/index.php\/wp-json\/wp\/v2\/types\/post"}],"author":[{"embeddable":true,"href":"https:\/\/radiojadranka.hr\/index.php\/wp-json\/wp\/v2\/users\/2"}],"replies":[{"embeddable":true,"href":"https:\/\/radiojadranka.hr\/index.php\/wp-json\/wp\/v2\/comments?post=12684"}],"version-history":[{"count":4,"href":"https:\/\/radiojadranka.hr\/index.php\/wp-json\/wp\/v2\/posts\/12684\/revisions"}],"predecessor-version":[{"id":12691,"href":"https:\/\/radiojadranka.hr\/index.php\/wp-json\/wp\/v2\/posts\/12684\/revisions\/12691"}],"wp:featuredmedia":[{"embeddable":true,"href":"https:\/\/radiojadranka.hr\/index.php\/wp-json\/wp\/v2\/media\/12685"}],"wp:attachment":[{"href":"https:\/\/radiojadranka.hr\/index.php\/wp-json\/wp\/v2\/media?parent=12684"}],"wp:term":[{"taxonomy":"category","embeddable":true,"href":"https:\/\/radiojadranka.hr\/index.php\/wp-json\/wp\/v2\/categories?post=12684"},{"taxonomy":"post_tag","embeddable":true,"href":"https:\/\/radiojadranka.hr\/index.php\/wp-json\/wp\/v2\/tags?post=12684"}],"curies":[{"name":"wp","href":"https:\/\/api.w.org\/{rel}","templated":true}]}}