{"id":12678,"date":"2025-04-22T14:30:58","date_gmt":"2025-04-22T12:30:58","guid":{"rendered":"https:\/\/radiojadranka.hr\/?p=12678"},"modified":"2025-04-22T14:55:02","modified_gmt":"2025-04-22T12:55:02","slug":"marin-brcic-postao-zapovjednik-javne-vatrogasne-postrojbe-mali-losinj","status":"publish","type":"post","link":"https:\/\/radiojadranka.hr\/index.php\/2025\/04\/22\/marin-brcic-postao-zapovjednik-javne-vatrogasne-postrojbe-mali-losinj\/","title":{"rendered":"Marin Br\u010di\u0107 postao zapovjednik Javne vatrogasne postrojbe Mali Lo\u0161inj"},"content":{"rendered":"<p>Marin Br\u010di\u0107 i Mirko Kajkara zamijenili su funkcije u Javnoj vatrogasnoj postrojbi Mali Lo\u0161inj. Tako je od sada Marin Br\u010di\u0107 zapovjednik, dok je Mirko Kajkara zamjenik zapovjednika. Doznali smo to jutros u na\u0161oj redovitoj emisiji u kojoj donosimo pregled aktivnosti u postaji tijekom minulog mjeseca. Poslu\u0161ajte \u0161to je Marin sve otkrio na\u0161oj Eni u dana\u0161njoj emisiji!<\/p>\n<p><iframe title=\"220425 Marin Brcic\" width=\"100%\" height=\"120\" src=\"https:\/\/www.mixcloud.com\/widget\/iframe\/?feed=https%3A%2F%2Fwww.mixcloud.com%2Fradio_jadranka%2F220425-marin-brcic%2F&amp;hide_cover=1\" frameborder=\"0\"><\/iframe><\/p>\n<p><img fetchpriority=\"high\" decoding=\"async\" class=\"alignnone size-medium wp-image-12683\" src=\"https:\/\/radiojadranka.hr\/wp-content\/uploads\/2025\/04\/IMG20250422103827-2-770x433.jpg\" alt=\"\" width=\"770\" height=\"433\" srcset=\"https:\/\/radiojadranka.hr\/wp-content\/uploads\/2025\/04\/IMG20250422103827-2-770x433.jpg 770w, https:\/\/radiojadranka.hr\/wp-content\/uploads\/2025\/04\/IMG20250422103827-2-1170x658.jpg 1170w, https:\/\/radiojadranka.hr\/wp-content\/uploads\/2025\/04\/IMG20250422103827-2-768x432.jpg 768w, https:\/\/radiojadranka.hr\/wp-content\/uploads\/2025\/04\/IMG20250422103827-2.jpg 1200w\" sizes=\"(max-width: 770px) 100vw, 770px\" \/><\/p>\n","protected":false},"excerpt":{"rendered":"<p>Marin Br\u010di\u0107 i Mirko Kajkara zamijenili su funkcije u Javnoj vatrogasnoj postrojbi Mali Lo\u0161inj. Tako je od sada Marin Br\u010di\u0107 zapovjednik, dok je Mirko Kajkara zamjenik zapovjednika. Doznali smo to jutros u na\u0161oj redovitoj emisiji u kojoj donosimo pregled aktivnosti u postaji tijekom minulog mjeseca. Poslu\u0161ajte \u0161to je Marin sve ...<\/p>\n","protected":false},"author":2,"featured_media":12683,"comment_status":"closed","ping_status":"open","sticky":false,"template":"","format":"audio","meta":{"footnotes":""},"categories":[72],"tags":[],"class_list":["post-12678","post","type-post","status-publish","format-audio","has-post-thumbnail","hentry","category-vijesti","post_format-post-format-audio"],"aioseo_notices":[],"_links":{"self":[{"href":"https:\/\/radiojadranka.hr\/index.php\/wp-json\/wp\/v2\/posts\/12678","targetHints":{"allow":["GET"]}}],"collection":[{"href":"https:\/\/radiojadranka.hr\/index.php\/wp-json\/wp\/v2\/posts"}],"about":[{"href":"https:\/\/radiojadranka.hr\/index.php\/wp-json\/wp\/v2\/types\/post"}],"author":[{"embeddable":true,"href":"https:\/\/radiojadranka.hr\/index.php\/wp-json\/wp\/v2\/users\/2"}],"replies":[{"embeddable":true,"href":"https:\/\/radiojadranka.hr\/index.php\/wp-json\/wp\/v2\/comments?post=12678"}],"version-history":[{"count":2,"href":"https:\/\/radiojadranka.hr\/index.php\/wp-json\/wp\/v2\/posts\/12678\/revisions"}],"predecessor-version":[{"id":12692,"href":"https:\/\/radiojadranka.hr\/index.php\/wp-json\/wp\/v2\/posts\/12678\/revisions\/12692"}],"wp:featuredmedia":[{"embeddable":true,"href":"https:\/\/radiojadranka.hr\/index.php\/wp-json\/wp\/v2\/media\/12683"}],"wp:attachment":[{"href":"https:\/\/radiojadranka.hr\/index.php\/wp-json\/wp\/v2\/media?parent=12678"}],"wp:term":[{"taxonomy":"category","embeddable":true,"href":"https:\/\/radiojadranka.hr\/index.php\/wp-json\/wp\/v2\/categories?post=12678"},{"taxonomy":"post_tag","embeddable":true,"href":"https:\/\/radiojadranka.hr\/index.php\/wp-json\/wp\/v2\/tags?post=12678"}],"curies":[{"name":"wp","href":"https:\/\/api.w.org\/{rel}","templated":true}]}}