{"id":12664,"date":"2025-04-18T12:54:15","date_gmt":"2025-04-18T10:54:15","guid":{"rendered":"https:\/\/radiojadranka.hr\/?p=12664"},"modified":"2025-04-18T12:55:19","modified_gmt":"2025-04-18T10:55:19","slug":"silvija-kocijan-javno-dobro-kandidatkinja-za-gradonacelnicu-malog-losinja","status":"publish","type":"post","link":"https:\/\/radiojadranka.hr\/index.php\/2025\/04\/18\/silvija-kocijan-javno-dobro-kandidatkinja-za-gradonacelnicu-malog-losinja\/","title":{"rendered":"Silvija Kocijan (Javno dobro) kandidatkinja za gradona\u010delnicu Malog Lo\u0161inja!"},"content":{"rendered":"<p data-sourcepos=\"5:1-5:218\">Mjesec dana uo\u010di lokalnih izbora, Silvija Kocijan predstavila je svoju kandidaturu za gradona\u010delnicu Malog Lo\u0161inja, ispred stranke Javno dobro. Uz kandidaturu za gradona\u010delnicu, najavljena je i lista za Gradsko vije\u0107e.<\/p>\n<p data-sourcepos=\"7:1-7:268\">Kocijan je svoju odluku obrazlo\u017eila osobnim iskustvom smjene s mjesta ravnateljice Centra za pru\u017eanje usluga u zajednici, tvrde\u0107i da je smijenjena zbog suprotstavljanja interesnim skupinama i ukazivanja na sumnjive prodaje nekretnina iz 2008. godine, za \u0161to krivi HDZ.<\/p>\n<p data-sourcepos=\"9:1-9:628\">Kao klju\u010dnu to\u010dku programa istaknula je <strong>preustroj vlasti<\/strong>, decentralizaciju mo\u0107i s gradona\u010delnice na Gradsko vije\u0107e te preustroj gradske uprave. Najavila je i osnivanje <strong>Agencije za priu\u0161tivo stanovanje<\/strong>, poticanje <strong>poljoprivrede i ribarstva<\/strong> uz kritiku postoje\u0107ih poticaja, rje\u0161avanje problema <strong>tr\u017enice<\/strong>, reviziju <strong>bespravne gradnje<\/strong>, zakonito rje\u0161avanje <strong>slu\u010daja Mrtva\u0161ka<\/strong> uz uva\u017eavanje lokalnog stanovni\u0161tva, pobolj\u0161anje <strong>prometnih veza<\/strong> te <strong>stipendiranje svih studenata<\/strong>. Od infrastrukturnih projekata navela je <strong>zatvoreni bazen, nogometno igrali\u0161te s atletskom stazom, rekonstrukciju aerodroma i gara\u017ee<\/strong>.<\/p>\n<p data-sourcepos=\"11:1-11:114\">Vladimira Mascarell predsjednica stranke Javno dobro\u00a0 pozdravila je prisutne te je istaknula je da stranka proizlazi iz gra\u0111anske inicijative, te o\u010dekuje dobre rezultate Silvije Kocijan na ovim izborima.<\/p>\n<p><iframe title=\"180425 Silvija Kocjan\" width=\"100%\" height=\"120\" src=\"https:\/\/www.mixcloud.com\/widget\/iframe\/?feed=https%3A%2F%2Fwww.mixcloud.com%2Fradio_jadranka%2F180425-silvija-kocjan%2F&amp;hide_cover=1\" frameborder=\"0\"><\/iframe><\/p>\n<p>&nbsp;<\/p>\n<div id='gallery-1' class='gallery galleryid-12664 gallery-columns-3 gallery-size-thumbnail'><figure class='gallery-item'>\n\t\t\t<div class='gallery-icon portrait'>\n\t\t\t\t<a href='https:\/\/radiojadranka.hr\/index.php\/2025\/04\/18\/silvija-kocijan-javno-dobro-kandidatkinja-za-gradonacelnicu-malog-losinja\/img20250417201535-1\/'><img decoding=\"async\" width=\"150\" height=\"150\" src=\"https:\/\/radiojadranka.hr\/wp-content\/uploads\/2025\/04\/IMG20250417201535-1-150x150.jpg\" class=\"attachment-thumbnail size-thumbnail\" alt=\"\" srcset=\"https:\/\/radiojadranka.hr\/wp-content\/uploads\/2025\/04\/IMG20250417201535-1-150x150.jpg 150w, https:\/\/radiojadranka.hr\/wp-content\/uploads\/2025\/04\/IMG20250417201535-1-100x100.jpg 100w, https:\/\/radiojadranka.hr\/wp-content\/uploads\/2025\/04\/IMG20250417201535-1-370x370.jpg 370w\" sizes=\"(max-width: 150px) 100vw, 150px\" \/><\/a>\n\t\t\t<\/div><\/figure><figure class='gallery-item'>\n\t\t\t<div class='gallery-icon landscape'>\n\t\t\t\t<a href='https:\/\/radiojadranka.hr\/index.php\/2025\/04\/18\/silvija-kocijan-javno-dobro-kandidatkinja-za-gradonacelnicu-malog-losinja\/img20250417202631-1\/'><img decoding=\"async\" width=\"150\" height=\"150\" src=\"https:\/\/radiojadranka.hr\/wp-content\/uploads\/2025\/04\/IMG20250417202631-1-150x150.jpg\" class=\"attachment-thumbnail size-thumbnail\" alt=\"\" srcset=\"https:\/\/radiojadranka.hr\/wp-content\/uploads\/2025\/04\/IMG20250417202631-1-150x150.jpg 150w, https:\/\/radiojadranka.hr\/wp-content\/uploads\/2025\/04\/IMG20250417202631-1-100x100.jpg 100w, https:\/\/radiojadranka.hr\/wp-content\/uploads\/2025\/04\/IMG20250417202631-1-370x370.jpg 370w\" sizes=\"(max-width: 150px) 100vw, 150px\" \/><\/a>\n\t\t\t<\/div><\/figure><figure class='gallery-item'>\n\t\t\t<div class='gallery-icon landscape'>\n\t\t\t\t<a href='https:\/\/radiojadranka.hr\/index.php\/2025\/04\/18\/silvija-kocijan-javno-dobro-kandidatkinja-za-gradonacelnicu-malog-losinja\/img20250417201244-1\/'><img decoding=\"async\" width=\"150\" height=\"150\" src=\"https:\/\/radiojadranka.hr\/wp-content\/uploads\/2025\/04\/IMG20250417201244-1-150x150.jpg\" class=\"attachment-thumbnail size-thumbnail\" alt=\"\" srcset=\"https:\/\/radiojadranka.hr\/wp-content\/uploads\/2025\/04\/IMG20250417201244-1-150x150.jpg 150w, https:\/\/radiojadranka.hr\/wp-content\/uploads\/2025\/04\/IMG20250417201244-1-100x100.jpg 100w, https:\/\/radiojadranka.hr\/wp-content\/uploads\/2025\/04\/IMG20250417201244-1-370x370.jpg 370w\" sizes=\"(max-width: 150px) 100vw, 150px\" \/><\/a>\n\t\t\t<\/div><\/figure><figure class='gallery-item'>\n\t\t\t<div class='gallery-icon landscape'>\n\t\t\t\t<a href='https:\/\/radiojadranka.hr\/index.php\/2025\/04\/18\/silvija-kocijan-javno-dobro-kandidatkinja-za-gradonacelnicu-malog-losinja\/img20250417201120-1\/'><img loading=\"lazy\" decoding=\"async\" width=\"150\" height=\"150\" src=\"https:\/\/radiojadranka.hr\/wp-content\/uploads\/2025\/04\/IMG20250417201120-1-150x150.jpg\" class=\"attachment-thumbnail size-thumbnail\" alt=\"\" srcset=\"https:\/\/radiojadranka.hr\/wp-content\/uploads\/2025\/04\/IMG20250417201120-1-150x150.jpg 150w, https:\/\/radiojadranka.hr\/wp-content\/uploads\/2025\/04\/IMG20250417201120-1-100x100.jpg 100w, https:\/\/radiojadranka.hr\/wp-content\/uploads\/2025\/04\/IMG20250417201120-1-370x370.jpg 370w\" sizes=\"(max-width: 150px) 100vw, 150px\" \/><\/a>\n\t\t\t<\/div><\/figure><figure class='gallery-item'>\n\t\t\t<div class='gallery-icon landscape'>\n\t\t\t\t<a href='https:\/\/radiojadranka.hr\/index.php\/2025\/04\/18\/silvija-kocijan-javno-dobro-kandidatkinja-za-gradonacelnicu-malog-losinja\/img20250417202625-1\/'><img loading=\"lazy\" decoding=\"async\" width=\"150\" height=\"150\" src=\"https:\/\/radiojadranka.hr\/wp-content\/uploads\/2025\/04\/IMG20250417202625-1-150x150.jpg\" class=\"attachment-thumbnail size-thumbnail\" alt=\"\" srcset=\"https:\/\/radiojadranka.hr\/wp-content\/uploads\/2025\/04\/IMG20250417202625-1-150x150.jpg 150w, https:\/\/radiojadranka.hr\/wp-content\/uploads\/2025\/04\/IMG20250417202625-1-100x100.jpg 100w, https:\/\/radiojadranka.hr\/wp-content\/uploads\/2025\/04\/IMG20250417202625-1-370x370.jpg 370w\" sizes=\"(max-width: 150px) 100vw, 150px\" \/><\/a>\n\t\t\t<\/div><\/figure><figure class='gallery-item'>\n\t\t\t<div class='gallery-icon landscape'>\n\t\t\t\t<a href='https:\/\/radiojadranka.hr\/index.php\/2025\/04\/18\/silvija-kocijan-javno-dobro-kandidatkinja-za-gradonacelnicu-malog-losinja\/img20250417205517-1\/'><img loading=\"lazy\" decoding=\"async\" width=\"150\" height=\"150\" src=\"https:\/\/radiojadranka.hr\/wp-content\/uploads\/2025\/04\/IMG20250417205517-1-150x150.jpg\" class=\"attachment-thumbnail size-thumbnail\" alt=\"\" srcset=\"https:\/\/radiojadranka.hr\/wp-content\/uploads\/2025\/04\/IMG20250417205517-1-150x150.jpg 150w, https:\/\/radiojadranka.hr\/wp-content\/uploads\/2025\/04\/IMG20250417205517-1-100x100.jpg 100w, https:\/\/radiojadranka.hr\/wp-content\/uploads\/2025\/04\/IMG20250417205517-1-370x370.jpg 370w\" sizes=\"(max-width: 150px) 100vw, 150px\" \/><\/a>\n\t\t\t<\/div><\/figure>\n\t\t<\/div>\n\n","protected":false},"excerpt":{"rendered":"<p>Mjesec dana uo\u010di lokalnih izbora, Silvija Kocijan predstavila je svoju kandidaturu za gradona\u010delnicu Malog Lo\u0161inja, ispred stranke Javno dobro. Uz kandidaturu za gradona\u010delnicu, najavljena je i lista za Gradsko vije\u0107e. Kocijan je svoju odluku obrazlo\u017eila osobnim iskustvom smjene s mjesta ravnateljice Centra za pru\u017eanje usluga u zajednici, tvrde\u0107i da je ...<\/p>\n","protected":false},"author":2,"featured_media":12665,"comment_status":"closed","ping_status":"open","sticky":false,"template":"","format":"audio","meta":{"footnotes":""},"categories":[72],"tags":[],"class_list":["post-12664","post","type-post","status-publish","format-audio","has-post-thumbnail","hentry","category-vijesti","post_format-post-format-audio"],"aioseo_notices":[],"_links":{"self":[{"href":"https:\/\/radiojadranka.hr\/index.php\/wp-json\/wp\/v2\/posts\/12664","targetHints":{"allow":["GET"]}}],"collection":[{"href":"https:\/\/radiojadranka.hr\/index.php\/wp-json\/wp\/v2\/posts"}],"about":[{"href":"https:\/\/radiojadranka.hr\/index.php\/wp-json\/wp\/v2\/types\/post"}],"author":[{"embeddable":true,"href":"https:\/\/radiojadranka.hr\/index.php\/wp-json\/wp\/v2\/users\/2"}],"replies":[{"embeddable":true,"href":"https:\/\/radiojadranka.hr\/index.php\/wp-json\/wp\/v2\/comments?post=12664"}],"version-history":[{"count":1,"href":"https:\/\/radiojadranka.hr\/index.php\/wp-json\/wp\/v2\/posts\/12664\/revisions"}],"predecessor-version":[{"id":12671,"href":"https:\/\/radiojadranka.hr\/index.php\/wp-json\/wp\/v2\/posts\/12664\/revisions\/12671"}],"wp:featuredmedia":[{"embeddable":true,"href":"https:\/\/radiojadranka.hr\/index.php\/wp-json\/wp\/v2\/media\/12665"}],"wp:attachment":[{"href":"https:\/\/radiojadranka.hr\/index.php\/wp-json\/wp\/v2\/media?parent=12664"}],"wp:term":[{"taxonomy":"category","embeddable":true,"href":"https:\/\/radiojadranka.hr\/index.php\/wp-json\/wp\/v2\/categories?post=12664"},{"taxonomy":"post_tag","embeddable":true,"href":"https:\/\/radiojadranka.hr\/index.php\/wp-json\/wp\/v2\/tags?post=12664"}],"curies":[{"name":"wp","href":"https:\/\/api.w.org\/{rel}","templated":true}]}}