{"id":12659,"date":"2025-04-16T15:32:27","date_gmt":"2025-04-16T13:32:27","guid":{"rendered":"https:\/\/radiojadranka.hr\/?p=12659"},"modified":"2025-04-16T15:32:27","modified_gmt":"2025-04-16T13:32:27","slug":"pred-najveci-krscanski-blagdan-uskrs-zupnik-vlc-roberto-zubovic","status":"publish","type":"post","link":"https:\/\/radiojadranka.hr\/index.php\/2025\/04\/16\/pred-najveci-krscanski-blagdan-uskrs-zupnik-vlc-roberto-zubovic\/","title":{"rendered":"Pred najve\u0107i kr\u0161\u0107anski blagdan Uskrs, \u017eupnik vl\u010d. Roberto Zubovi\u0107!"},"content":{"rendered":"<p>Nalazimo se u Velikom tjednu, pred nama je najve\u0107i blagdan i temelj kr\u0161\u0107anstva Uskrs. Ne samo duhovno, ve\u0107 i edukativno smo danas govorili u na\u0161em studiju! Poslu\u0161ajte emisiju u kojoj je gostovao \u017eupnik vele\u010dasni Roberto Zubovi\u0107!<\/p>\n<p><iframe title=\"160425 Don Roberto Zubovic\" width=\"100%\" height=\"120\" src=\"https:\/\/www.mixcloud.com\/widget\/iframe\/?feed=https%3A%2F%2Fwww.mixcloud.com%2Fradio_jadranka%2F160425-don-roberto-zubovic%2F&amp;hide_cover=1\" frameborder=\"0\"><\/iframe><\/p>\n<p><img fetchpriority=\"high\" decoding=\"async\" class=\"alignnone size-full wp-image-12660\" src=\"https:\/\/radiojadranka.hr\/wp-content\/uploads\/2025\/04\/Kriz-nebo-oblaci.jpg\" alt=\"\" width=\"700\" height=\"466\" \/><\/p>\n","protected":false},"excerpt":{"rendered":"<p>Nalazimo se u Velikom tjednu, pred nama je najve\u0107i blagdan i temelj kr\u0161\u0107anstva Uskrs. Ne samo duhovno, ve\u0107 i edukativno smo danas govorili u na\u0161em studiju! Poslu\u0161ajte emisiju u kojoj je gostovao \u017eupnik vele\u010dasni Roberto Zubovi\u0107!<\/p>\n","protected":false},"author":2,"featured_media":12660,"comment_status":"closed","ping_status":"open","sticky":false,"template":"","format":"audio","meta":{"footnotes":""},"categories":[72],"tags":[],"class_list":["post-12659","post","type-post","status-publish","format-audio","has-post-thumbnail","hentry","category-vijesti","post_format-post-format-audio"],"aioseo_notices":[],"_links":{"self":[{"href":"https:\/\/radiojadranka.hr\/index.php\/wp-json\/wp\/v2\/posts\/12659","targetHints":{"allow":["GET"]}}],"collection":[{"href":"https:\/\/radiojadranka.hr\/index.php\/wp-json\/wp\/v2\/posts"}],"about":[{"href":"https:\/\/radiojadranka.hr\/index.php\/wp-json\/wp\/v2\/types\/post"}],"author":[{"embeddable":true,"href":"https:\/\/radiojadranka.hr\/index.php\/wp-json\/wp\/v2\/users\/2"}],"replies":[{"embeddable":true,"href":"https:\/\/radiojadranka.hr\/index.php\/wp-json\/wp\/v2\/comments?post=12659"}],"version-history":[{"count":1,"href":"https:\/\/radiojadranka.hr\/index.php\/wp-json\/wp\/v2\/posts\/12659\/revisions"}],"predecessor-version":[{"id":12661,"href":"https:\/\/radiojadranka.hr\/index.php\/wp-json\/wp\/v2\/posts\/12659\/revisions\/12661"}],"wp:featuredmedia":[{"embeddable":true,"href":"https:\/\/radiojadranka.hr\/index.php\/wp-json\/wp\/v2\/media\/12660"}],"wp:attachment":[{"href":"https:\/\/radiojadranka.hr\/index.php\/wp-json\/wp\/v2\/media?parent=12659"}],"wp:term":[{"taxonomy":"category","embeddable":true,"href":"https:\/\/radiojadranka.hr\/index.php\/wp-json\/wp\/v2\/categories?post=12659"},{"taxonomy":"post_tag","embeddable":true,"href":"https:\/\/radiojadranka.hr\/index.php\/wp-json\/wp\/v2\/tags?post=12659"}],"curies":[{"name":"wp","href":"https:\/\/api.w.org\/{rel}","templated":true}]}}