{"id":12649,"date":"2025-04-14T15:00:16","date_gmt":"2025-04-14T13:00:16","guid":{"rendered":"https:\/\/radiojadranka.hr\/?p=12649"},"modified":"2025-04-15T09:33:52","modified_gmt":"2025-04-15T07:33:52","slug":"koalicija-domovinski-pokret-i-hrvatski-suverenisti-prosirena-s-hsls-om-i-most-om","status":"publish","type":"post","link":"https:\/\/radiojadranka.hr\/index.php\/2025\/04\/14\/koalicija-domovinski-pokret-i-hrvatski-suverenisti-prosirena-s-hsls-om-i-most-om\/","title":{"rendered":"Koalicija Domovinski pokret i Hrvatski suverenisti pro\u0161irena s HSLS-om i MOST-om!"},"content":{"rendered":"<p>Predizborna koalicija Domovinskog pokreta i Hrvatskih suverenista u Malom Lo\u0161inju, koja podr\u017eava gradona\u010delni\u010dkog kandidata Ivana Krsta\u0161a, pro\u0161irena je s HSLS-om i MOST-om.<\/p>\n<ul>\n<li>HSLS: Pridru\u017eio se koaliciji, donose\u0107i podr\u0161ku svog vije\u0107nika Rudolfa Ivkovi\u0107a.<\/li>\n<li>MOST: Iako nema lokalnu organizaciju, podr\u017eava koaliciju preko kandidata za \u017eupana Marina Mileti\u0107a, a \u010dlanovi stranke bit \u0107e na listi za Gradsko vije\u0107e.<\/li>\n<\/ul>\n<p>Koalicija, koja bi se mogla voditi sloganom &#8220;Promjene&#8221;, \u017eeli ponuditi alternativu trenutnom stanju u gradu.<\/p>\n<p>Poslu\u0161ajte snimku konfrerncije za medije u cjelosti, a u kojoj govore Ivan Krsta\u0161 Domovinski pokret, Jasmina Fuks HSLS te Boris Ad\u017ei\u0107 Hrvatski suverenisti!<\/p>\n<p><iframe title=\"120425 Koalicija Domovinski Pokret\" width=\"100%\" height=\"120\" src=\"https:\/\/www.mixcloud.com\/widget\/iframe\/?feed=https%3A%2F%2Fwww.mixcloud.com%2Fradio_jadranka%2F120425-koalicija-domovinski-pokret%2F&amp;hide_cover=1\" frameborder=\"0\"><\/iframe><\/p>\n<div id='gallery-1' class='gallery galleryid-12649 gallery-columns-3 gallery-size-thumbnail'><figure class='gallery-item'>\n\t\t\t<div class='gallery-icon landscape'>\n\t\t\t\t<a href='https:\/\/radiojadranka.hr\/index.php\/2025\/04\/14\/koalicija-domovinski-pokret-i-hrvatski-suverenisti-prosirena-s-hsls-om-i-most-om\/img20250412170435-1-1\/'><img decoding=\"async\" width=\"150\" height=\"150\" src=\"https:\/\/radiojadranka.hr\/wp-content\/uploads\/2025\/04\/IMG20250412170435-1-1-150x150.jpg\" class=\"attachment-thumbnail size-thumbnail\" alt=\"\" srcset=\"https:\/\/radiojadranka.hr\/wp-content\/uploads\/2025\/04\/IMG20250412170435-1-1-150x150.jpg 150w, https:\/\/radiojadranka.hr\/wp-content\/uploads\/2025\/04\/IMG20250412170435-1-1-100x100.jpg 100w, https:\/\/radiojadranka.hr\/wp-content\/uploads\/2025\/04\/IMG20250412170435-1-1-370x370.jpg 370w\" sizes=\"(max-width: 150px) 100vw, 150px\" \/><\/a>\n\t\t\t<\/div><\/figure><figure class='gallery-item'>\n\t\t\t<div class='gallery-icon landscape'>\n\t\t\t\t<a href='https:\/\/radiojadranka.hr\/index.php\/2025\/04\/14\/koalicija-domovinski-pokret-i-hrvatski-suverenisti-prosirena-s-hsls-om-i-most-om\/img20250412170419-1\/'><img decoding=\"async\" width=\"150\" height=\"150\" src=\"https:\/\/radiojadranka.hr\/wp-content\/uploads\/2025\/04\/IMG20250412170419-1-150x150.jpg\" class=\"attachment-thumbnail size-thumbnail\" alt=\"\" srcset=\"https:\/\/radiojadranka.hr\/wp-content\/uploads\/2025\/04\/IMG20250412170419-1-150x150.jpg 150w, https:\/\/radiojadranka.hr\/wp-content\/uploads\/2025\/04\/IMG20250412170419-1-100x100.jpg 100w, https:\/\/radiojadranka.hr\/wp-content\/uploads\/2025\/04\/IMG20250412170419-1-370x370.jpg 370w\" sizes=\"(max-width: 150px) 100vw, 150px\" \/><\/a>\n\t\t\t<\/div><\/figure><figure class='gallery-item'>\n\t\t\t<div class='gallery-icon landscape'>\n\t\t\t\t<a href='https:\/\/radiojadranka.hr\/index.php\/2025\/04\/14\/koalicija-domovinski-pokret-i-hrvatski-suverenisti-prosirena-s-hsls-om-i-most-om\/img20250412170427-1\/'><img decoding=\"async\" width=\"150\" height=\"150\" src=\"https:\/\/radiojadranka.hr\/wp-content\/uploads\/2025\/04\/IMG20250412170427-1-150x150.jpg\" class=\"attachment-thumbnail size-thumbnail\" alt=\"\" srcset=\"https:\/\/radiojadranka.hr\/wp-content\/uploads\/2025\/04\/IMG20250412170427-1-150x150.jpg 150w, https:\/\/radiojadranka.hr\/wp-content\/uploads\/2025\/04\/IMG20250412170427-1-100x100.jpg 100w, https:\/\/radiojadranka.hr\/wp-content\/uploads\/2025\/04\/IMG20250412170427-1-370x370.jpg 370w\" sizes=\"(max-width: 150px) 100vw, 150px\" \/><\/a>\n\t\t\t<\/div><\/figure>\n\t\t<\/div>\n\n","protected":false},"excerpt":{"rendered":"<p>Predizborna koalicija Domovinskog pokreta i Hrvatskih suverenista u Malom Lo\u0161inju, koja podr\u017eava gradona\u010delni\u010dkog kandidata Ivana Krsta\u0161a, pro\u0161irena je s HSLS-om i MOST-om. HSLS: Pridru\u017eio se koaliciji, donose\u0107i podr\u0161ku svog vije\u0107nika Rudolfa Ivkovi\u0107a. MOST: Iako nema lokalnu organizaciju, podr\u017eava koaliciju preko kandidata za \u017eupana Marina Mileti\u0107a, a \u010dlanovi stranke bit \u0107e ...<\/p>\n","protected":false},"author":2,"featured_media":12651,"comment_status":"closed","ping_status":"open","sticky":false,"template":"","format":"audio","meta":{"footnotes":""},"categories":[72],"tags":[],"class_list":["post-12649","post","type-post","status-publish","format-audio","has-post-thumbnail","hentry","category-vijesti","post_format-post-format-audio"],"aioseo_notices":[],"_links":{"self":[{"href":"https:\/\/radiojadranka.hr\/index.php\/wp-json\/wp\/v2\/posts\/12649","targetHints":{"allow":["GET"]}}],"collection":[{"href":"https:\/\/radiojadranka.hr\/index.php\/wp-json\/wp\/v2\/posts"}],"about":[{"href":"https:\/\/radiojadranka.hr\/index.php\/wp-json\/wp\/v2\/types\/post"}],"author":[{"embeddable":true,"href":"https:\/\/radiojadranka.hr\/index.php\/wp-json\/wp\/v2\/users\/2"}],"replies":[{"embeddable":true,"href":"https:\/\/radiojadranka.hr\/index.php\/wp-json\/wp\/v2\/comments?post=12649"}],"version-history":[{"count":3,"href":"https:\/\/radiojadranka.hr\/index.php\/wp-json\/wp\/v2\/posts\/12649\/revisions"}],"predecessor-version":[{"id":12656,"href":"https:\/\/radiojadranka.hr\/index.php\/wp-json\/wp\/v2\/posts\/12649\/revisions\/12656"}],"wp:featuredmedia":[{"embeddable":true,"href":"https:\/\/radiojadranka.hr\/index.php\/wp-json\/wp\/v2\/media\/12651"}],"wp:attachment":[{"href":"https:\/\/radiojadranka.hr\/index.php\/wp-json\/wp\/v2\/media?parent=12649"}],"wp:term":[{"taxonomy":"category","embeddable":true,"href":"https:\/\/radiojadranka.hr\/index.php\/wp-json\/wp\/v2\/categories?post=12649"},{"taxonomy":"post_tag","embeddable":true,"href":"https:\/\/radiojadranka.hr\/index.php\/wp-json\/wp\/v2\/tags?post=12649"}],"curies":[{"name":"wp","href":"https:\/\/api.w.org\/{rel}","templated":true}]}}