{"id":12624,"date":"2025-04-10T12:25:35","date_gmt":"2025-04-10T10:25:35","guid":{"rendered":"https:\/\/radiojadranka.hr\/?p=12624"},"modified":"2025-04-10T12:25:35","modified_gmt":"2025-04-10T10:25:35","slug":"21-olimpijski-festival-djecjih-vrtica-primorsko-goranske-zupanije-ove-subote-u-malom-losinju","status":"publish","type":"post","link":"https:\/\/radiojadranka.hr\/index.php\/2025\/04\/10\/21-olimpijski-festival-djecjih-vrtica-primorsko-goranske-zupanije-ove-subote-u-malom-losinju\/","title":{"rendered":"21. Olimpijski festival dje\u010djih vrti\u0107a Primorsko-goranske \u017eupanije ove subote u Malom Lo\u0161inju!"},"content":{"rendered":"<p>Pred nama je prava Olimpijada u organizaciji dje\u010djeg vrti\u0107a Cvr\u010dak! Okupit \u0107e se oko vi\u0161e od petstotinjak djece i tisu\u0107u roditelja iz dvanaest dje\u010djih vrti\u0107a na\u0161e \u017eupanije. Zahtjevna organizacija na\u0161eg vrti\u0107a koji je pravi doma\u0107in prijateljima iz<\/p>\n<ul>\n<li>CRES \u2013 Dje\u010dji vrti\u0107 Girice<\/li>\n<li>CRIKVENICA \u2013 Dje\u010dji vrti\u0107 Radost<\/li>\n<li>DELNICE \u2013 Dje\u010dji vrti\u0107 Hlojkica<\/li>\n<li>KASTAV \u2013 Dje\u010dji vrti\u0107 Vladimir Nazor<\/li>\n<li>KOSTRENA \u2013 Dje\u010dji vrti\u0107 \u201cZlatna ribica\u201d<\/li>\n<li>KRK \u2013 Dje\u010dji vrti\u0107 \u201cKatarina Frankopan\u201d<\/li>\n<li>MALI LO\u0160INJ \u2013 Dje\u010dji vrti\u0107 Cvr\u010dak<\/li>\n<li>MATULJI \u2013 Dje\u010dji vrti\u0107 Matulji<\/li>\n<li>OPATIJA \u2013 Dje\u010dji vrti\u0107 Opatija<\/li>\n<li>RAB \u2013 Dje\u010dji vrti\u0107 Pahuljica<\/li>\n<li>RIJEKA \u2013 Dje\u010dji vrti\u0107i Grada Rijeke<\/li>\n<li>VI\u0160KOVO \u2013 Dje\u010dji vrti\u0107 Vi\u0161kovo<\/li>\n<\/ul>\n<p>Cjelokupni program lo\u0161injske olimpijade potra\u017eite na web stranici <a href=\"https:\/\/dvc-mali-losinj.hr\/21-olimpijski-festival-djecjih-vrtica\/\">21. Olimpijski festival dje\u010djih vrti\u0107a &#8211; Lo\u0161inj<\/a><\/p>\n<p>U na\u0161em programu ugostili smo ravnateljicu Melitu Mu\u0161kardin i kineziologinju &#8211; odgojiteljicu Anu Bodi\u0161! Poslu\u0161ajte razgovor:<\/p>\n<p><iframe title=\"100425 Olimpijada Za Djecu Melita Mu\u0161kardin I Ana Bodi\u0161\" width=\"100%\" height=\"120\" src=\"https:\/\/www.mixcloud.com\/widget\/iframe\/?feed=https%3A%2F%2Fwww.mixcloud.com%2Fradio_jadranka%2F100425-olimpijada-za-djecu-melita-mu%25C5%25A1kardin-i-ana-bodi%25C5%25A1%2F&amp;hide_cover=1\" frameborder=\"0\"><\/iframe><\/p>\n<div id='gallery-1' class='gallery galleryid-12624 gallery-columns-3 gallery-size-thumbnail'><figure class='gallery-item'>\n\t\t\t<div class='gallery-icon portrait'>\n\t\t\t\t<a href='https:\/\/radiojadranka.hr\/index.php\/2025\/04\/10\/21-olimpijski-festival-djecjih-vrtica-primorsko-goranske-zupanije-ove-subote-u-malom-losinju\/capture-6\/'><img decoding=\"async\" width=\"150\" height=\"150\" src=\"https:\/\/radiojadranka.hr\/wp-content\/uploads\/2025\/04\/Capture-150x150.png\" class=\"attachment-thumbnail size-thumbnail\" alt=\"\" srcset=\"https:\/\/radiojadranka.hr\/wp-content\/uploads\/2025\/04\/Capture-150x150.png 150w, https:\/\/radiojadranka.hr\/wp-content\/uploads\/2025\/04\/Capture-100x100.png 100w, https:\/\/radiojadranka.hr\/wp-content\/uploads\/2025\/04\/Capture-370x370.png 370w\" sizes=\"(max-width: 150px) 100vw, 150px\" \/><\/a>\n\t\t\t<\/div><\/figure><figure class='gallery-item'>\n\t\t\t<div class='gallery-icon landscape'>\n\t\t\t\t<a href='https:\/\/radiojadranka.hr\/index.php\/2025\/04\/10\/21-olimpijski-festival-djecjih-vrtica-primorsko-goranske-zupanije-ove-subote-u-malom-losinju\/img20250410102748-1\/'><img decoding=\"async\" width=\"150\" height=\"150\" src=\"https:\/\/radiojadranka.hr\/wp-content\/uploads\/2025\/04\/IMG20250410102748-1-150x150.jpg\" class=\"attachment-thumbnail size-thumbnail\" alt=\"\" srcset=\"https:\/\/radiojadranka.hr\/wp-content\/uploads\/2025\/04\/IMG20250410102748-1-150x150.jpg 150w, https:\/\/radiojadranka.hr\/wp-content\/uploads\/2025\/04\/IMG20250410102748-1-100x100.jpg 100w, https:\/\/radiojadranka.hr\/wp-content\/uploads\/2025\/04\/IMG20250410102748-1-370x370.jpg 370w\" sizes=\"(max-width: 150px) 100vw, 150px\" \/><\/a>\n\t\t\t<\/div><\/figure>\n\t\t<\/div>\n\n<p>&nbsp;<\/p>\n","protected":false},"excerpt":{"rendered":"<p>Pred nama je prava Olimpijada u organizaciji dje\u010djeg vrti\u0107a Cvr\u010dak! Okupit \u0107e se oko vi\u0161e od petstotinjak djece i tisu\u0107u roditelja iz dvanaest dje\u010djih vrti\u0107a na\u0161e \u017eupanije. Zahtjevna organizacija na\u0161eg vrti\u0107a koji je pravi doma\u0107in prijateljima iz CRES \u2013 Dje\u010dji vrti\u0107 Girice CRIKVENICA \u2013 Dje\u010dji vrti\u0107 Radost DELNICE \u2013 Dje\u010dji ...<\/p>\n","protected":false},"author":2,"featured_media":12625,"comment_status":"closed","ping_status":"open","sticky":false,"template":"","format":"audio","meta":{"footnotes":""},"categories":[72],"tags":[],"class_list":["post-12624","post","type-post","status-publish","format-audio","has-post-thumbnail","hentry","category-vijesti","post_format-post-format-audio"],"aioseo_notices":[],"_links":{"self":[{"href":"https:\/\/radiojadranka.hr\/index.php\/wp-json\/wp\/v2\/posts\/12624","targetHints":{"allow":["GET"]}}],"collection":[{"href":"https:\/\/radiojadranka.hr\/index.php\/wp-json\/wp\/v2\/posts"}],"about":[{"href":"https:\/\/radiojadranka.hr\/index.php\/wp-json\/wp\/v2\/types\/post"}],"author":[{"embeddable":true,"href":"https:\/\/radiojadranka.hr\/index.php\/wp-json\/wp\/v2\/users\/2"}],"replies":[{"embeddable":true,"href":"https:\/\/radiojadranka.hr\/index.php\/wp-json\/wp\/v2\/comments?post=12624"}],"version-history":[{"count":1,"href":"https:\/\/radiojadranka.hr\/index.php\/wp-json\/wp\/v2\/posts\/12624\/revisions"}],"predecessor-version":[{"id":12627,"href":"https:\/\/radiojadranka.hr\/index.php\/wp-json\/wp\/v2\/posts\/12624\/revisions\/12627"}],"wp:featuredmedia":[{"embeddable":true,"href":"https:\/\/radiojadranka.hr\/index.php\/wp-json\/wp\/v2\/media\/12625"}],"wp:attachment":[{"href":"https:\/\/radiojadranka.hr\/index.php\/wp-json\/wp\/v2\/media?parent=12624"}],"wp:term":[{"taxonomy":"category","embeddable":true,"href":"https:\/\/radiojadranka.hr\/index.php\/wp-json\/wp\/v2\/categories?post=12624"},{"taxonomy":"post_tag","embeddable":true,"href":"https:\/\/radiojadranka.hr\/index.php\/wp-json\/wp\/v2\/tags?post=12624"}],"curies":[{"name":"wp","href":"https:\/\/api.w.org\/{rel}","templated":true}]}}