{"id":12610,"date":"2025-04-10T11:33:56","date_gmt":"2025-04-10T09:33:56","guid":{"rendered":"https:\/\/radiojadranka.hr\/?p=12610"},"modified":"2025-04-10T11:49:09","modified_gmt":"2025-04-10T09:49:09","slug":"ana-kucic-istaknula-kandidaturu-za-jos-jedan-mandat-gradonacelnice-malog-losinjaa","status":"publish","type":"post","link":"https:\/\/radiojadranka.hr\/index.php\/2025\/04\/10\/ana-kucic-istaknula-kandidaturu-za-jos-jedan-mandat-gradonacelnice-malog-losinjaa\/","title":{"rendered":"Ana Ku\u010di\u0107 istaknula kandidaturu za jo\u0161 jedan mandat gradona\u010delnice Malog Lo\u0161inja!"},"content":{"rendered":"<p>Dosada\u0161nja gradona\u010delnica Ana Ku\u010di\u0107 istaknula je kandidaturu za novi mandat gradona\u010delnice Malog Lo\u0161inja.<\/p>\n<p>U svom govoru, Ku\u010di\u0107 je naglasila postignu\u0107a u podr\u0161ci mladim obiteljima (pove\u0107ane naknade za novoro\u0111en\u010dad, besplatan vrti\u0107, besplatni cjelodnevni boravak u \u0161koli u kojem roditelji pla\u0107aju samo cijenu ru\u010dka, te da je zapo\u010dela proces pove\u0107anja pla\u0107a vrti\u0107kim djelatnicima), po\u010dela je i obnova dje\u010djih igrali\u0161ta, te izgradnja \u0161kolske sportske dvorane, a koja bi trebala biti gotova do konca sljede\u0107e godine kao i izgradnja vatrogasnog doma u istom roku te sanaciju odlagali\u0161ta do konca ove godine. Tako\u0111er je istaknula uvo\u0111enje besplatnog dopunskog zdravstvenog osiguranja za umirovljenike i rje\u0161avanje stambenog pitanja kroz razli\u010dite modele (najam, zajedni\u010dko ulaganje, pravo gra\u0111enja, vlastita izgradnja).<\/p>\n<p>U podru\u010dju gospodarstva, Ku\u010di\u0107 je spomenula poticaje poduzetnicima i mjeru za privatne iznajmljiva\u010de.<\/p>\n<p>Istaknula je da su protekle \u010detiri godine bie iznimno izazovane, no da joj omalova\u017eavanja i uvrede na osobnoj i obiteljskoj razini daju jo\u0161 vi\u0161e snage!<\/p>\n<p>Nakon isticanja kandidature nije re\u010deno koje \u0107e stranke podr\u017eati njezinu kandidaturu niti detalje o izborima za Gradsko vije\u0107e, no istaknuto je da \u0107e na predstavljanju liste za Gradsko vije\u0107e, predstaviti i program rada za naredne \u010detiri godine.<\/p>\n<p>Poslu\u0161ajte snimku predstavljanja, u prvom dijelu Anto Nedi\u0107 i Ana Ku\u010di\u0107, a u drugom dijelu zapisa slijede novinarska pitanja!<\/p>\n<p><iframe title=\"100425 Ana Ku\u010di\u0107 I Anto Nedi\u0107 Predstavljanje Hdz\" width=\"100%\" height=\"120\" src=\"https:\/\/www.mixcloud.com\/widget\/iframe\/?feed=https%3A%2F%2Fwww.mixcloud.com%2Fradio_jadranka%2F100425-ana-ku%25C4%258Di%25C4%2587-i-anto-nedi%25C4%2587-predstavljanje-hdz%2F&amp;hide_cover=1\" frameborder=\"0\"><\/iframe><\/p>\n<div id='gallery-1' class='gallery galleryid-12610 gallery-columns-3 gallery-size-thumbnail'><figure class='gallery-item'>\n\t\t\t<div class='gallery-icon landscape'>\n\t\t\t\t<a href='https:\/\/radiojadranka.hr\/index.php\/2025\/04\/10\/ana-kucic-istaknula-kandidaturu-za-jos-jedan-mandat-gradonacelnice-malog-losinjaa\/img20250409192424-1\/'><img decoding=\"async\" width=\"150\" height=\"150\" src=\"https:\/\/radiojadranka.hr\/wp-content\/uploads\/2025\/04\/IMG20250409192424-1-150x150.jpg\" class=\"attachment-thumbnail size-thumbnail\" alt=\"\" srcset=\"https:\/\/radiojadranka.hr\/wp-content\/uploads\/2025\/04\/IMG20250409192424-1-150x150.jpg 150w, https:\/\/radiojadranka.hr\/wp-content\/uploads\/2025\/04\/IMG20250409192424-1-100x100.jpg 100w, https:\/\/radiojadranka.hr\/wp-content\/uploads\/2025\/04\/IMG20250409192424-1-370x370.jpg 370w\" sizes=\"(max-width: 150px) 100vw, 150px\" \/><\/a>\n\t\t\t<\/div><\/figure><figure class='gallery-item'>\n\t\t\t<div class='gallery-icon landscape'>\n\t\t\t\t<a href='https:\/\/radiojadranka.hr\/index.php\/2025\/04\/10\/ana-kucic-istaknula-kandidaturu-za-jos-jedan-mandat-gradonacelnice-malog-losinjaa\/img20250409191430-1\/'><img decoding=\"async\" width=\"150\" height=\"150\" src=\"https:\/\/radiojadranka.hr\/wp-content\/uploads\/2025\/04\/IMG20250409191430-1-150x150.jpg\" class=\"attachment-thumbnail size-thumbnail\" alt=\"\" srcset=\"https:\/\/radiojadranka.hr\/wp-content\/uploads\/2025\/04\/IMG20250409191430-1-150x150.jpg 150w, https:\/\/radiojadranka.hr\/wp-content\/uploads\/2025\/04\/IMG20250409191430-1-100x100.jpg 100w, https:\/\/radiojadranka.hr\/wp-content\/uploads\/2025\/04\/IMG20250409191430-1-370x370.jpg 370w\" sizes=\"(max-width: 150px) 100vw, 150px\" \/><\/a>\n\t\t\t<\/div><\/figure><figure class='gallery-item'>\n\t\t\t<div class='gallery-icon landscape'>\n\t\t\t\t<a href='https:\/\/radiojadranka.hr\/index.php\/2025\/04\/10\/ana-kucic-istaknula-kandidaturu-za-jos-jedan-mandat-gradonacelnice-malog-losinjaa\/img20250409191345-1\/'><img decoding=\"async\" width=\"150\" height=\"150\" src=\"https:\/\/radiojadranka.hr\/wp-content\/uploads\/2025\/04\/IMG20250409191345-1-150x150.jpg\" class=\"attachment-thumbnail size-thumbnail\" alt=\"\" srcset=\"https:\/\/radiojadranka.hr\/wp-content\/uploads\/2025\/04\/IMG20250409191345-1-150x150.jpg 150w, https:\/\/radiojadranka.hr\/wp-content\/uploads\/2025\/04\/IMG20250409191345-1-100x100.jpg 100w, https:\/\/radiojadranka.hr\/wp-content\/uploads\/2025\/04\/IMG20250409191345-1-370x370.jpg 370w\" sizes=\"(max-width: 150px) 100vw, 150px\" \/><\/a>\n\t\t\t<\/div><\/figure><figure class='gallery-item'>\n\t\t\t<div class='gallery-icon landscape'>\n\t\t\t\t<a href='https:\/\/radiojadranka.hr\/index.php\/2025\/04\/10\/ana-kucic-istaknula-kandidaturu-za-jos-jedan-mandat-gradonacelnice-malog-losinjaa\/img20250409194814-2\/'><img loading=\"lazy\" decoding=\"async\" width=\"150\" height=\"150\" src=\"https:\/\/radiojadranka.hr\/wp-content\/uploads\/2025\/04\/IMG20250409194814-2-150x150.jpg\" class=\"attachment-thumbnail size-thumbnail\" alt=\"\" srcset=\"https:\/\/radiojadranka.hr\/wp-content\/uploads\/2025\/04\/IMG20250409194814-2-150x150.jpg 150w, https:\/\/radiojadranka.hr\/wp-content\/uploads\/2025\/04\/IMG20250409194814-2-100x100.jpg 100w, https:\/\/radiojadranka.hr\/wp-content\/uploads\/2025\/04\/IMG20250409194814-2-370x370.jpg 370w\" sizes=\"(max-width: 150px) 100vw, 150px\" \/><\/a>\n\t\t\t<\/div><\/figure><figure class='gallery-item'>\n\t\t\t<div class='gallery-icon landscape'>\n\t\t\t\t<a href='https:\/\/radiojadranka.hr\/index.php\/2025\/04\/10\/ana-kucic-istaknula-kandidaturu-za-jos-jedan-mandat-gradonacelnice-malog-losinjaa\/img-20250410-wa0001\/'><img loading=\"lazy\" decoding=\"async\" width=\"150\" height=\"150\" src=\"https:\/\/radiojadranka.hr\/wp-content\/uploads\/2025\/04\/IMG-20250410-WA0001-150x150.jpg\" class=\"attachment-thumbnail size-thumbnail\" alt=\"\" srcset=\"https:\/\/radiojadranka.hr\/wp-content\/uploads\/2025\/04\/IMG-20250410-WA0001-150x150.jpg 150w, https:\/\/radiojadranka.hr\/wp-content\/uploads\/2025\/04\/IMG-20250410-WA0001-100x100.jpg 100w, https:\/\/radiojadranka.hr\/wp-content\/uploads\/2025\/04\/IMG-20250410-WA0001-370x370.jpg 370w\" sizes=\"(max-width: 150px) 100vw, 150px\" \/><\/a>\n\t\t\t<\/div><\/figure>\n\t\t<\/div>\n\n<p>&nbsp;<\/p>\n","protected":false},"excerpt":{"rendered":"<p>Dosada\u0161nja gradona\u010delnica Ana Ku\u010di\u0107 istaknula je kandidaturu za novi mandat gradona\u010delnice Malog Lo\u0161inja. U svom govoru, Ku\u010di\u0107 je naglasila postignu\u0107a u podr\u0161ci mladim obiteljima (pove\u0107ane naknade za novoro\u0111en\u010dad, besplatan vrti\u0107, besplatni cjelodnevni boravak u \u0161koli u kojem roditelji pla\u0107aju samo cijenu ru\u010dka, te da je zapo\u010dela proces pove\u0107anja pla\u0107a vrti\u0107kim ...<\/p>\n","protected":false},"author":2,"featured_media":12622,"comment_status":"closed","ping_status":"open","sticky":false,"template":"","format":"audio","meta":{"footnotes":""},"categories":[72],"tags":[],"class_list":["post-12610","post","type-post","status-publish","format-audio","has-post-thumbnail","hentry","category-vijesti","post_format-post-format-audio"],"aioseo_notices":[],"_links":{"self":[{"href":"https:\/\/radiojadranka.hr\/index.php\/wp-json\/wp\/v2\/posts\/12610","targetHints":{"allow":["GET"]}}],"collection":[{"href":"https:\/\/radiojadranka.hr\/index.php\/wp-json\/wp\/v2\/posts"}],"about":[{"href":"https:\/\/radiojadranka.hr\/index.php\/wp-json\/wp\/v2\/types\/post"}],"author":[{"embeddable":true,"href":"https:\/\/radiojadranka.hr\/index.php\/wp-json\/wp\/v2\/users\/2"}],"replies":[{"embeddable":true,"href":"https:\/\/radiojadranka.hr\/index.php\/wp-json\/wp\/v2\/comments?post=12610"}],"version-history":[{"count":5,"href":"https:\/\/radiojadranka.hr\/index.php\/wp-json\/wp\/v2\/posts\/12610\/revisions"}],"predecessor-version":[{"id":12620,"href":"https:\/\/radiojadranka.hr\/index.php\/wp-json\/wp\/v2\/posts\/12610\/revisions\/12620"}],"wp:featuredmedia":[{"embeddable":true,"href":"https:\/\/radiojadranka.hr\/index.php\/wp-json\/wp\/v2\/media\/12622"}],"wp:attachment":[{"href":"https:\/\/radiojadranka.hr\/index.php\/wp-json\/wp\/v2\/media?parent=12610"}],"wp:term":[{"taxonomy":"category","embeddable":true,"href":"https:\/\/radiojadranka.hr\/index.php\/wp-json\/wp\/v2\/categories?post=12610"},{"taxonomy":"post_tag","embeddable":true,"href":"https:\/\/radiojadranka.hr\/index.php\/wp-json\/wp\/v2\/tags?post=12610"}],"curies":[{"name":"wp","href":"https:\/\/api.w.org\/{rel}","templated":true}]}}