{"id":12586,"date":"2025-04-08T09:36:10","date_gmt":"2025-04-08T07:36:10","guid":{"rendered":"https:\/\/radiojadranka.hr\/?p=12586"},"modified":"2025-04-08T09:53:40","modified_gmt":"2025-04-08T07:53:40","slug":"mario-frankovic-kandidat-za-gradonacelnika-na-izbore-izlazi-s-nezavisnom-listommfsa","status":"publish","type":"post","link":"https:\/\/radiojadranka.hr\/index.php\/2025\/04\/08\/mario-frankovic-kandidat-za-gradonacelnika-na-izbore-izlazi-s-nezavisnom-listommfsa\/","title":{"rendered":"Mario Frankovi\u0107 kandidat za gradona\u010delnika, na izbore izlazi s nezavisnom listom!"},"content":{"rendered":"<p>&#8220;Moj otok, moj dom!&#8221;, slogan je to s kojim \u0107e Mario Frankovi\u0107 nastupiti kao kandidat za gradona\u010delnika Malog Lo\u0161inj na predstoje\u0107im izborima.<\/p>\n<p>Na predstavljanju u prostoru Zajednice talijana, pred pedesetak gra\u0111ana, Frankovi\u0107 je iznio \u010detveroto\u010dkovni program:<\/p>\n<ul>\n<li><strong>Depolitizacija:<\/strong> Ukidanje povlastica politi\u010darima i depolitizacija gradske uprave.<\/li>\n<li><strong>Ulaganje u javne usluge:<\/strong> Pobolj\u0161anje odgoja, obrazovanja i zdravstvene za\u0161tite, uklju\u010duju\u0107i ve\u0107e pla\u0107e za zaposlenike vrti\u0107a, obnovu vrti\u0107a, u\u010deni\u010dki dom i novi dom umirovljenika.<\/li>\n<li><strong>Stambena politika:<\/strong> Revizija gradskih prostora, aktiviranje neiskori\u0161tenih i sufinanciranje najamnina, uz planiranje novih stambenih zona.<\/li>\n<li><strong>Transparentnost:<\/strong> Otvorena komunikacija s gra\u0111anima, uklju\u010duju\u0107i redovite sastanke s gradona\u010delnikom i javne izvje\u0161taje.<\/li>\n<\/ul>\n<p>Frankovi\u0107 je naglasio da njegov tim ne \u017eivi od politike, te obe\u0107ao transparentan rad bez &#8220;uhljeba&#8221; i predizbornih manipulacija.<\/p>\n<p>Arlinda Krasni\u0107 predstavila je Frankovi\u0107a kao iskusnog in\u017eenjera s razumijevanjem lokalnih problema i glas gra\u0111ana.<\/p>\n<p>Poslu\u0161ajte snimku predstavljanja programa i kandidata za gradona\u010delnika&#8230;<\/p>\n<p><iframe title=\"080525 Mario Frankovi\u0107 Kandidat Za Gradona\u010delnika\" width=\"100%\" height=\"120\" src=\"https:\/\/www.mixcloud.com\/widget\/iframe\/?feed=https%3A%2F%2Fwww.mixcloud.com%2Fradio_jadranka%2F080525-mario-frankovi%25C4%2587-kandidat-za-gradona%25C4%258Delnika%2F&amp;hide_cover=1\" frameborder=\"0\"><\/iframe><\/p>\n<div id='gallery-1' class='gallery galleryid-12586 gallery-columns-3 gallery-size-thumbnail'><figure class='gallery-item'>\n\t\t\t<div class='gallery-icon landscape'>\n\t\t\t\t<a href='https:\/\/radiojadranka.hr\/index.php\/2025\/04\/08\/mario-frankovic-kandidat-za-gradonacelnika-na-izbore-izlazi-s-nezavisnom-listommfsa\/oplus_16908320\/'><img decoding=\"async\" width=\"150\" height=\"150\" src=\"https:\/\/radiojadranka.hr\/wp-content\/uploads\/2025\/04\/IMG_20250408_094420mf-150x150.jpg\" class=\"attachment-thumbnail size-thumbnail\" alt=\"\" aria-describedby=\"gallery-1-12596\" srcset=\"https:\/\/radiojadranka.hr\/wp-content\/uploads\/2025\/04\/IMG_20250408_094420mf-150x150.jpg 150w, https:\/\/radiojadranka.hr\/wp-content\/uploads\/2025\/04\/IMG_20250408_094420mf-100x100.jpg 100w, https:\/\/radiojadranka.hr\/wp-content\/uploads\/2025\/04\/IMG_20250408_094420mf-370x370.jpg 370w\" sizes=\"(max-width: 150px) 100vw, 150px\" \/><\/a>\n\t\t\t<\/div>\n\t\t\t\t<figcaption class='wp-caption-text gallery-caption' id='gallery-1-12596'>\n\t\t\t\tOplus_16908320\n\t\t\t\t<\/figcaption><\/figure><figure class='gallery-item'>\n\t\t\t<div class='gallery-icon landscape'>\n\t\t\t\t<a href='https:\/\/radiojadranka.hr\/index.php\/2025\/04\/08\/mario-frankovic-kandidat-za-gradonacelnika-na-izbore-izlazi-s-nezavisnom-listommfsa\/img-20250408-wa0011-11\/'><img decoding=\"async\" width=\"150\" height=\"150\" src=\"https:\/\/radiojadranka.hr\/wp-content\/uploads\/2025\/04\/IMG-20250408-WA0011-11-150x150.jpg\" class=\"attachment-thumbnail size-thumbnail\" alt=\"\" srcset=\"https:\/\/radiojadranka.hr\/wp-content\/uploads\/2025\/04\/IMG-20250408-WA0011-11-150x150.jpg 150w, https:\/\/radiojadranka.hr\/wp-content\/uploads\/2025\/04\/IMG-20250408-WA0011-11-100x100.jpg 100w, https:\/\/radiojadranka.hr\/wp-content\/uploads\/2025\/04\/IMG-20250408-WA0011-11-370x370.jpg 370w\" sizes=\"(max-width: 150px) 100vw, 150px\" \/><\/a>\n\t\t\t<\/div><\/figure><figure class='gallery-item'>\n\t\t\t<div class='gallery-icon landscape'>\n\t\t\t\t<a href='https:\/\/radiojadranka.hr\/index.php\/2025\/04\/08\/mario-frankovic-kandidat-za-gradonacelnika-na-izbore-izlazi-s-nezavisnom-listommfsa\/img-20250408-wa0007-1\/'><img decoding=\"async\" width=\"150\" height=\"150\" src=\"https:\/\/radiojadranka.hr\/wp-content\/uploads\/2025\/04\/IMG-20250408-WA0007-1-150x150.jpg\" class=\"attachment-thumbnail size-thumbnail\" alt=\"\" srcset=\"https:\/\/radiojadranka.hr\/wp-content\/uploads\/2025\/04\/IMG-20250408-WA0007-1-150x150.jpg 150w, https:\/\/radiojadranka.hr\/wp-content\/uploads\/2025\/04\/IMG-20250408-WA0007-1-100x100.jpg 100w, https:\/\/radiojadranka.hr\/wp-content\/uploads\/2025\/04\/IMG-20250408-WA0007-1-370x370.jpg 370w\" sizes=\"(max-width: 150px) 100vw, 150px\" \/><\/a>\n\t\t\t<\/div><\/figure><figure class='gallery-item'>\n\t\t\t<div class='gallery-icon portrait'>\n\t\t\t\t<a href='https:\/\/radiojadranka.hr\/index.php\/2025\/04\/08\/mario-frankovic-kandidat-za-gradonacelnika-na-izbore-izlazi-s-nezavisnom-listommfsa\/img-20250408-wa0008-1\/'><img loading=\"lazy\" decoding=\"async\" width=\"150\" height=\"150\" src=\"https:\/\/radiojadranka.hr\/wp-content\/uploads\/2025\/04\/IMG-20250408-WA0008-1-150x150.jpg\" class=\"attachment-thumbnail size-thumbnail\" alt=\"\" srcset=\"https:\/\/radiojadranka.hr\/wp-content\/uploads\/2025\/04\/IMG-20250408-WA0008-1-150x150.jpg 150w, https:\/\/radiojadranka.hr\/wp-content\/uploads\/2025\/04\/IMG-20250408-WA0008-1-100x100.jpg 100w, https:\/\/radiojadranka.hr\/wp-content\/uploads\/2025\/04\/IMG-20250408-WA0008-1-370x370.jpg 370w\" sizes=\"(max-width: 150px) 100vw, 150px\" \/><\/a>\n\t\t\t<\/div><\/figure><figure class='gallery-item'>\n\t\t\t<div class='gallery-icon portrait'>\n\t\t\t\t<a href='https:\/\/radiojadranka.hr\/index.php\/2025\/04\/08\/mario-frankovic-kandidat-za-gradonacelnika-na-izbore-izlazi-s-nezavisnom-listommfsa\/img-20250408-wa0013-1\/'><img loading=\"lazy\" decoding=\"async\" width=\"150\" height=\"150\" src=\"https:\/\/radiojadranka.hr\/wp-content\/uploads\/2025\/04\/IMG-20250408-WA0013-1-150x150.jpg\" class=\"attachment-thumbnail size-thumbnail\" alt=\"\" srcset=\"https:\/\/radiojadranka.hr\/wp-content\/uploads\/2025\/04\/IMG-20250408-WA0013-1-150x150.jpg 150w, https:\/\/radiojadranka.hr\/wp-content\/uploads\/2025\/04\/IMG-20250408-WA0013-1-100x100.jpg 100w, https:\/\/radiojadranka.hr\/wp-content\/uploads\/2025\/04\/IMG-20250408-WA0013-1-370x370.jpg 370w\" sizes=\"(max-width: 150px) 100vw, 150px\" \/><\/a>\n\t\t\t<\/div><\/figure>\n\t\t<\/div>\n\n","protected":false},"excerpt":{"rendered":"<p>&#8220;Moj otok, moj dom!&#8221;, slogan je to s kojim \u0107e Mario Frankovi\u0107 nastupiti kao kandidat za gradona\u010delnika Malog Lo\u0161inj na predstoje\u0107im izborima. Na predstavljanju u prostoru Zajednice talijana, pred pedesetak gra\u0111ana, Frankovi\u0107 je iznio \u010detveroto\u010dkovni program: Depolitizacija: Ukidanje povlastica politi\u010darima i depolitizacija gradske uprave. Ulaganje u javne usluge: Pobolj\u0161anje odgoja, ...<\/p>\n","protected":false},"author":2,"featured_media":12601,"comment_status":"closed","ping_status":"open","sticky":false,"template":"","format":"audio","meta":{"footnotes":""},"categories":[72],"tags":[],"class_list":["post-12586","post","type-post","status-publish","format-audio","has-post-thumbnail","hentry","category-vijesti","post_format-post-format-audio"],"aioseo_notices":[],"_links":{"self":[{"href":"https:\/\/radiojadranka.hr\/index.php\/wp-json\/wp\/v2\/posts\/12586","targetHints":{"allow":["GET"]}}],"collection":[{"href":"https:\/\/radiojadranka.hr\/index.php\/wp-json\/wp\/v2\/posts"}],"about":[{"href":"https:\/\/radiojadranka.hr\/index.php\/wp-json\/wp\/v2\/types\/post"}],"author":[{"embeddable":true,"href":"https:\/\/radiojadranka.hr\/index.php\/wp-json\/wp\/v2\/users\/2"}],"replies":[{"embeddable":true,"href":"https:\/\/radiojadranka.hr\/index.php\/wp-json\/wp\/v2\/comments?post=12586"}],"version-history":[{"count":3,"href":"https:\/\/radiojadranka.hr\/index.php\/wp-json\/wp\/v2\/posts\/12586\/revisions"}],"predecessor-version":[{"id":12598,"href":"https:\/\/radiojadranka.hr\/index.php\/wp-json\/wp\/v2\/posts\/12586\/revisions\/12598"}],"wp:featuredmedia":[{"embeddable":true,"href":"https:\/\/radiojadranka.hr\/index.php\/wp-json\/wp\/v2\/media\/12601"}],"wp:attachment":[{"href":"https:\/\/radiojadranka.hr\/index.php\/wp-json\/wp\/v2\/media?parent=12586"}],"wp:term":[{"taxonomy":"category","embeddable":true,"href":"https:\/\/radiojadranka.hr\/index.php\/wp-json\/wp\/v2\/categories?post=12586"},{"taxonomy":"post_tag","embeddable":true,"href":"https:\/\/radiojadranka.hr\/index.php\/wp-json\/wp\/v2\/tags?post=12586"}],"curies":[{"name":"wp","href":"https:\/\/api.w.org\/{rel}","templated":true}]}}