{"id":12583,"date":"2025-04-07T14:31:00","date_gmt":"2025-04-07T12:31:00","guid":{"rendered":"https:\/\/radiojadranka.hr\/?p=12583"},"modified":"2025-04-07T14:31:00","modified_gmt":"2025-04-07T12:31:00","slug":"vedran-dumencic-drzavni-prvak-u-kuglanju-za-slijepe-i-slabovidne-osobe","status":"publish","type":"post","link":"https:\/\/radiojadranka.hr\/index.php\/2025\/04\/07\/vedran-dumencic-drzavni-prvak-u-kuglanju-za-slijepe-i-slabovidne-osobe\/","title":{"rendered":"Vedran Dumen\u010di\u0107 dr\u017eavni prvak u kuglanju za slijepe i slabovidne osobe!"},"content":{"rendered":"<p>Vedran Dumen\u010di\u0107 dr\u017eavni je prvak Hrvatske u kuglanju za slijepe i slabovidne, ovu titulu donijela mu je pobjeda na turniru koji je odr\u017ean u Kutini. Bravo Vedrane!<\/p>\n<p>Poslu\u0161ajte dana\u0161nju emisiju o sportu u kojoj smo najavili malonogometni turnir Dru\u0161tva prijatelja Hajduka, rezultate ko\u0161arka\u0161kih utakmica, nogometa za kadete jer ostale tri ekipe nisu mogle do Raba zbog jake bure, te odbojka\u0161ke utakmice.<\/p>\n<p><iframe title=\"070425 Sport\" width=\"100%\" height=\"120\" src=\"https:\/\/www.mixcloud.com\/widget\/iframe\/?feed=https%3A%2F%2Fwww.mixcloud.com%2Fradio_jadranka%2F070425-sport%2F&amp;hide_cover=1\" frameborder=\"0\"><\/iframe><\/p>\n","protected":false},"excerpt":{"rendered":"<p>Vedran Dumen\u010di\u0107 dr\u017eavni je prvak Hrvatske u kuglanju za slijepe i slabovidne, ovu titulu donijela mu je pobjeda na turniru koji je odr\u017ean u Kutini. Bravo Vedrane! Poslu\u0161ajte dana\u0161nju emisiju o sportu u kojoj smo najavili malonogometni turnir Dru\u0161tva prijatelja Hajduka, rezultate ko\u0161arka\u0161kih utakmica, nogometa za kadete jer ostale tri ...<\/p>\n","protected":false},"author":2,"featured_media":12584,"comment_status":"closed","ping_status":"open","sticky":false,"template":"","format":"audio","meta":{"footnotes":""},"categories":[72],"tags":[],"class_list":["post-12583","post","type-post","status-publish","format-audio","has-post-thumbnail","hentry","category-vijesti","post_format-post-format-audio"],"aioseo_notices":[],"_links":{"self":[{"href":"https:\/\/radiojadranka.hr\/index.php\/wp-json\/wp\/v2\/posts\/12583","targetHints":{"allow":["GET"]}}],"collection":[{"href":"https:\/\/radiojadranka.hr\/index.php\/wp-json\/wp\/v2\/posts"}],"about":[{"href":"https:\/\/radiojadranka.hr\/index.php\/wp-json\/wp\/v2\/types\/post"}],"author":[{"embeddable":true,"href":"https:\/\/radiojadranka.hr\/index.php\/wp-json\/wp\/v2\/users\/2"}],"replies":[{"embeddable":true,"href":"https:\/\/radiojadranka.hr\/index.php\/wp-json\/wp\/v2\/comments?post=12583"}],"version-history":[{"count":1,"href":"https:\/\/radiojadranka.hr\/index.php\/wp-json\/wp\/v2\/posts\/12583\/revisions"}],"predecessor-version":[{"id":12585,"href":"https:\/\/radiojadranka.hr\/index.php\/wp-json\/wp\/v2\/posts\/12583\/revisions\/12585"}],"wp:featuredmedia":[{"embeddable":true,"href":"https:\/\/radiojadranka.hr\/index.php\/wp-json\/wp\/v2\/media\/12584"}],"wp:attachment":[{"href":"https:\/\/radiojadranka.hr\/index.php\/wp-json\/wp\/v2\/media?parent=12583"}],"wp:term":[{"taxonomy":"category","embeddable":true,"href":"https:\/\/radiojadranka.hr\/index.php\/wp-json\/wp\/v2\/categories?post=12583"},{"taxonomy":"post_tag","embeddable":true,"href":"https:\/\/radiojadranka.hr\/index.php\/wp-json\/wp\/v2\/tags?post=12583"}],"curies":[{"name":"wp","href":"https:\/\/api.w.org\/{rel}","templated":true}]}}