{"id":12536,"date":"2025-03-26T13:46:27","date_gmt":"2025-03-26T12:46:27","guid":{"rendered":"https:\/\/radiojadranka.hr\/?p=12536"},"modified":"2025-04-01T08:35:55","modified_gmt":"2025-04-01T06:35:55","slug":"ovaj-petak-obiljezavamo-140-godina-turizma-i-promociju-filma-zeleni-barba","status":"publish","type":"post","link":"https:\/\/radiojadranka.hr\/index.php\/2025\/03\/26\/ovaj-petak-obiljezavamo-140-godina-turizma-i-promociju-filma-zeleni-barba\/","title":{"rendered":"Ovaj petak obilje\u017eavamo 140 godina turizma i promociju filma &#8220;Zeleni barba&#8221;"},"content":{"rendered":"<p>Direktor turisti\u010dke zajednice Dalibor Cvitkovi\u0107 u povodu predstoje\u0107eg obilje\u017eavanja 140 godina turizma na Lo\u0161inju i premjerne proekcije filma &#8220;Zeleni barba&#8221;, danas je gostovao u na\u0161em programu! Poslu\u0161ajte emisiju!<\/p>\n<p><iframe title=\"260325 Dalibor Cvitkovic\" width=\"100%\" height=\"120\" src=\"https:\/\/www.mixcloud.com\/widget\/iframe\/?feed=https%3A%2F%2Fwww.mixcloud.com%2Fradio_jadranka%2F260325-dalibor-cvitkovic%2F&amp;hide_cover=1\" frameborder=\"0\"><\/iframe><\/p>\n<p>Program u Hotelu Punta mo\u017eete prona\u0107i na poveznici <a href=\"https:\/\/www.visitlosinj.hr\/hr\/konferencija-losinj-140-prica-koja-traje.aspx?q=1-1106-1-1\">Visit Lo\u0161inj!<\/a><\/p>\n","protected":false},"excerpt":{"rendered":"<p>Direktor turisti\u010dke zajednice Dalibor Cvitkovi\u0107 u povodu predstoje\u0107eg obilje\u017eavanja 140 godina turizma na Lo\u0161inju i premjerne proekcije filma &#8220;Zeleni barba&#8221;, danas je gostovao u na\u0161em programu! Poslu\u0161ajte emisiju! Program u Hotelu Punta mo\u017eete prona\u0107i na poveznici Visit Lo\u0161inj!<\/p>\n","protected":false},"author":2,"featured_media":12537,"comment_status":"closed","ping_status":"open","sticky":false,"template":"","format":"audio","meta":{"footnotes":""},"categories":[72],"tags":[],"class_list":["post-12536","post","type-post","status-publish","format-audio","has-post-thumbnail","hentry","category-vijesti","post_format-post-format-audio"],"aioseo_notices":[],"_links":{"self":[{"href":"https:\/\/radiojadranka.hr\/index.php\/wp-json\/wp\/v2\/posts\/12536","targetHints":{"allow":["GET"]}}],"collection":[{"href":"https:\/\/radiojadranka.hr\/index.php\/wp-json\/wp\/v2\/posts"}],"about":[{"href":"https:\/\/radiojadranka.hr\/index.php\/wp-json\/wp\/v2\/types\/post"}],"author":[{"embeddable":true,"href":"https:\/\/radiojadranka.hr\/index.php\/wp-json\/wp\/v2\/users\/2"}],"replies":[{"embeddable":true,"href":"https:\/\/radiojadranka.hr\/index.php\/wp-json\/wp\/v2\/comments?post=12536"}],"version-history":[{"count":1,"href":"https:\/\/radiojadranka.hr\/index.php\/wp-json\/wp\/v2\/posts\/12536\/revisions"}],"predecessor-version":[{"id":12538,"href":"https:\/\/radiojadranka.hr\/index.php\/wp-json\/wp\/v2\/posts\/12536\/revisions\/12538"}],"wp:featuredmedia":[{"embeddable":true,"href":"https:\/\/radiojadranka.hr\/index.php\/wp-json\/wp\/v2\/media\/12537"}],"wp:attachment":[{"href":"https:\/\/radiojadranka.hr\/index.php\/wp-json\/wp\/v2\/media?parent=12536"}],"wp:term":[{"taxonomy":"category","embeddable":true,"href":"https:\/\/radiojadranka.hr\/index.php\/wp-json\/wp\/v2\/categories?post=12536"},{"taxonomy":"post_tag","embeddable":true,"href":"https:\/\/radiojadranka.hr\/index.php\/wp-json\/wp\/v2\/tags?post=12536"}],"curies":[{"name":"wp","href":"https:\/\/api.w.org\/{rel}","templated":true}]}}