{"id":12512,"date":"2025-03-21T13:37:15","date_gmt":"2025-03-21T12:37:15","guid":{"rendered":"https:\/\/radiojadranka.hr\/?p=12512"},"modified":"2025-04-01T08:35:55","modified_gmt":"2025-04-01T06:35:55","slug":"za-krizen-jedinstveni-obred-s-otoka-hvara-danas-na-cresu-a-sutra-u-losinju","status":"publish","type":"post","link":"https:\/\/radiojadranka.hr\/index.php\/2025\/03\/21\/za-krizen-jedinstveni-obred-s-otoka-hvara-danas-na-cresu-a-sutra-u-losinju\/","title":{"rendered":"Jedinstveni obred s otoka Hvara &#8220;Za Kri\u017een&#8221;, danas na Cresu a sutra u Lo\u0161inju!"},"content":{"rendered":"<p>Procesija Za Kri\u017een jedinstveni je obred osobite pobo\u017enosti te izraz vjerskog i kulturnog identiteta stanovnika sredi\u0161njeg dijela otoka Hvara koji se u neprekinutom nizu odvija pet stolje\u0107a. U no\u0107i s Velikog \u010detvrtka na Veliki Petak procesija povezuje 6 mjesta otoka: Jelsu, Pitve, Vrisnik, Svir\u010de, Vrbanj i Vrbosku. Istovremeno iz \u0161est \u017eupskih crkava (u 22 sata) zapo\u010dnu ophodi na \u010delu sa kri\u017eono\u0161om koji nosi kri\u017e (te\u017eak do 18 kilograma) u znak molbe ili zahvalnosti, kao vlastiti ili obiteljski zavjet. Slijedi ga izabrana pratnja u bratimskim tunikama te mno\u0161tvo vjernika i hodo\u010dasnika, zaustavljaju se u crkvama i kapelicama ostalih mjesta gdje ih do\u010dekuju sve\u0107enici da bi se pred jutro vratili u svoju \u017eupsku crkvu.<\/p>\n<p>Procesija je iznimna je po svom trajanju (tijekom 8 sati pro\u0111e se 25 kilometara) i po nagla\u0161enom pasionskom sadr\u017eaju, pripremaju je i provode bratov\u0161tine, odnosno zajednice hvarskih vjernika u \u010diju je povijest i \u017eivot kri\u017e duboko upisan. Okosnica procesije je Gospin pla\u010d, osmera\u010dki pasionski tekst iz 15. stolje\u0107a kojeg u formi glazbenog dijaloga pjevaju izabrani pjeva\u010di, kantaduri.<\/p>\n<p>Procesija Za kri\u017een nije folklor, ona je autenti\u010dan i nekomercijaliziran duboki narodni iskaz odanosti tradicionalnim vrijednostima. No, osim \u0161to ima sna\u017eno vjersko zna\u010denje, procesija je vrlo atraktivna i zbog slikovitosti jer duge kolone paraju no\u0107 feralima i velikim svije\u0107ama. Iza kri\u017eono\u0161e i pratnje idu pjeva\u010di pjevaju\u0107i stare crkvene napjeve te ostali puk. Zato doma\u0107i i strani gosti u sve ve\u0107em broju pohode Hvar za vrijeme uskrsnih blagdana, a procesija na njih ostavlja sna\u017ean dojam.<\/p>\n<p>Sutra \u0107e se ovaj obred odr\u017eati i u malolo\u0161injskoj \u017eupi Ro\u0111enja Bla\u017eene Djevice Marije, a nakon euharistije u 18 sati. Mi smo danas razgovarali s lo\u0161injskim \u017eupnikom Don Robertom Zubovi\u0107em i akademikom Miljenkom Kapovi\u0107em. Poslu\u0161ajte<\/p>\n<p><iframe title=\"210325 Za Krizen\" width=\"100%\" height=\"120\" src=\"https:\/\/www.mixcloud.com\/widget\/iframe\/?feed=https%3A%2F%2Fwww.mixcloud.com%2Fradio_jadranka%2F210325-za-krizen%2F&amp;hide_cover=1\" frameborder=\"0\"><\/iframe><\/p>\n<p><img fetchpriority=\"high\" decoding=\"async\" class=\"alignnone size-medium wp-image-12513\" src=\"https:\/\/radiojadranka.hr\/wp-content\/uploads\/2025\/03\/Za-krizen-565x770.jpg\" alt=\"\" width=\"565\" height=\"770\" srcset=\"https:\/\/radiojadranka.hr\/wp-content\/uploads\/2025\/03\/Za-krizen-565x770.jpg 565w, https:\/\/radiojadranka.hr\/wp-content\/uploads\/2025\/03\/Za-krizen.jpg 685w\" sizes=\"(max-width: 565px) 100vw, 565px\" \/><\/p>\n","protected":false},"excerpt":{"rendered":"<p>Procesija Za Kri\u017een jedinstveni je obred osobite pobo\u017enosti te izraz vjerskog i kulturnog identiteta stanovnika sredi\u0161njeg dijela otoka Hvara koji se u neprekinutom nizu odvija pet stolje\u0107a. U no\u0107i s Velikog \u010detvrtka na Veliki Petak procesija povezuje 6 mjesta otoka: Jelsu, Pitve, Vrisnik, Svir\u010de, Vrbanj i Vrbosku. Istovremeno iz \u0161est ...<\/p>\n","protected":false},"author":2,"featured_media":12513,"comment_status":"closed","ping_status":"open","sticky":false,"template":"","format":"audio","meta":{"footnotes":""},"categories":[72],"tags":[],"class_list":["post-12512","post","type-post","status-publish","format-audio","has-post-thumbnail","hentry","category-vijesti","post_format-post-format-audio"],"aioseo_notices":[],"_links":{"self":[{"href":"https:\/\/radiojadranka.hr\/index.php\/wp-json\/wp\/v2\/posts\/12512","targetHints":{"allow":["GET"]}}],"collection":[{"href":"https:\/\/radiojadranka.hr\/index.php\/wp-json\/wp\/v2\/posts"}],"about":[{"href":"https:\/\/radiojadranka.hr\/index.php\/wp-json\/wp\/v2\/types\/post"}],"author":[{"embeddable":true,"href":"https:\/\/radiojadranka.hr\/index.php\/wp-json\/wp\/v2\/users\/2"}],"replies":[{"embeddable":true,"href":"https:\/\/radiojadranka.hr\/index.php\/wp-json\/wp\/v2\/comments?post=12512"}],"version-history":[{"count":2,"href":"https:\/\/radiojadranka.hr\/index.php\/wp-json\/wp\/v2\/posts\/12512\/revisions"}],"predecessor-version":[{"id":12515,"href":"https:\/\/radiojadranka.hr\/index.php\/wp-json\/wp\/v2\/posts\/12512\/revisions\/12515"}],"wp:featuredmedia":[{"embeddable":true,"href":"https:\/\/radiojadranka.hr\/index.php\/wp-json\/wp\/v2\/media\/12513"}],"wp:attachment":[{"href":"https:\/\/radiojadranka.hr\/index.php\/wp-json\/wp\/v2\/media?parent=12512"}],"wp:term":[{"taxonomy":"category","embeddable":true,"href":"https:\/\/radiojadranka.hr\/index.php\/wp-json\/wp\/v2\/categories?post=12512"},{"taxonomy":"post_tag","embeddable":true,"href":"https:\/\/radiojadranka.hr\/index.php\/wp-json\/wp\/v2\/tags?post=12512"}],"curies":[{"name":"wp","href":"https:\/\/api.w.org\/{rel}","templated":true}]}}