{"id":12507,"date":"2025-03-20T14:41:12","date_gmt":"2025-03-20T13:41:12","guid":{"rendered":"https:\/\/radiojadranka.hr\/?p=12507"},"modified":"2025-04-01T08:35:55","modified_gmt":"2025-04-01T06:35:55","slug":"jedanaestogodisnja-ana-marija-rebic-izuzetno-talentirana-tenisacica-ljubicic-tenis-akademije","status":"publish","type":"post","link":"https:\/\/radiojadranka.hr\/index.php\/2025\/03\/20\/jedanaestogodisnja-ana-marija-rebic-izuzetno-talentirana-tenisacica-ljubicic-tenis-akademije\/","title":{"rendered":"Jedanaestogodi\u0161nja Ana Marija Rebi\u0107, izuzetno talentirana tenisa\u010dica Ljubi\u010di\u0107 tenis akademije!"},"content":{"rendered":"<p>Fadi Shalabi, \u010delni \u010dovjek Ljubi\u010di\u0107 tenis akademije u Velom Lo\u0161inju i Ana Marija Rebi\u0107 danas su gostovali u programu na\u0161eg radija. Govorili smo o predstoje\u0107em turniru u Velom Lo\u0161inju, te s jedanaestogodi\u0161njom Ana Marijom o njezinoj predanosti i brojnim uspjesima u tenisu. Poslu\u0161ajte<\/p>\n<div id='gallery-1' class='gallery galleryid-12507 gallery-columns-3 gallery-size-thumbnail'><figure class='gallery-item'>\n\t\t\t<div class='gallery-icon portrait'>\n\t\t\t\t<a href='https:\/\/radiojadranka.hr\/index.php\/2025\/03\/20\/jedanaestogodisnja-ana-marija-rebic-izuzetno-talentirana-tenisacica-ljubicic-tenis-akademije\/img20250320104522-1\/'><img decoding=\"async\" width=\"150\" height=\"150\" src=\"https:\/\/radiojadranka.hr\/wp-content\/uploads\/2025\/03\/IMG20250320104522-1-150x150.jpg\" class=\"attachment-thumbnail size-thumbnail\" alt=\"\" srcset=\"https:\/\/radiojadranka.hr\/wp-content\/uploads\/2025\/03\/IMG20250320104522-1-150x150.jpg 150w, https:\/\/radiojadranka.hr\/wp-content\/uploads\/2025\/03\/IMG20250320104522-1-100x100.jpg 100w, https:\/\/radiojadranka.hr\/wp-content\/uploads\/2025\/03\/IMG20250320104522-1-370x370.jpg 370w\" sizes=\"(max-width: 150px) 100vw, 150px\" \/><\/a>\n\t\t\t<\/div><\/figure><figure class='gallery-item'>\n\t\t\t<div class='gallery-icon landscape'>\n\t\t\t\t<a href='https:\/\/radiojadranka.hr\/index.php\/2025\/03\/20\/jedanaestogodisnja-ana-marija-rebic-izuzetno-talentirana-tenisacica-ljubicic-tenis-akademije\/img20250320103321-1\/'><img decoding=\"async\" width=\"150\" height=\"150\" src=\"https:\/\/radiojadranka.hr\/wp-content\/uploads\/2025\/03\/IMG20250320103321-1-150x150.jpg\" class=\"attachment-thumbnail size-thumbnail\" alt=\"\" srcset=\"https:\/\/radiojadranka.hr\/wp-content\/uploads\/2025\/03\/IMG20250320103321-1-150x150.jpg 150w, https:\/\/radiojadranka.hr\/wp-content\/uploads\/2025\/03\/IMG20250320103321-1-100x100.jpg 100w, https:\/\/radiojadranka.hr\/wp-content\/uploads\/2025\/03\/IMG20250320103321-1-370x370.jpg 370w\" sizes=\"(max-width: 150px) 100vw, 150px\" \/><\/a>\n\t\t\t<\/div><\/figure><figure class='gallery-item'>\n\t\t\t<div class='gallery-icon landscape'>\n\t\t\t\t<a href='https:\/\/radiojadranka.hr\/index.php\/2025\/03\/20\/jedanaestogodisnja-ana-marija-rebic-izuzetno-talentirana-tenisacica-ljubicic-tenis-akademije\/img20250320103327-1\/'><img decoding=\"async\" width=\"150\" height=\"150\" src=\"https:\/\/radiojadranka.hr\/wp-content\/uploads\/2025\/03\/IMG20250320103327-1-150x150.jpg\" class=\"attachment-thumbnail size-thumbnail\" alt=\"\" srcset=\"https:\/\/radiojadranka.hr\/wp-content\/uploads\/2025\/03\/IMG20250320103327-1-150x150.jpg 150w, https:\/\/radiojadranka.hr\/wp-content\/uploads\/2025\/03\/IMG20250320103327-1-100x100.jpg 100w, https:\/\/radiojadranka.hr\/wp-content\/uploads\/2025\/03\/IMG20250320103327-1-370x370.jpg 370w\" sizes=\"(max-width: 150px) 100vw, 150px\" \/><\/a>\n\t\t\t<\/div><\/figure>\n\t\t<\/div>\n\n<p><iframe title=\"200325 Fadi I Anamarija\" width=\"100%\" height=\"120\" src=\"https:\/\/www.mixcloud.com\/widget\/iframe\/?feed=https%3A%2F%2Fwww.mixcloud.com%2Fradio_jadranka%2F200325-fadi-i-anamarija%2F&amp;hide_cover=1\" frameborder=\"0\"><\/iframe><\/p>\n","protected":false},"excerpt":{"rendered":"<p>Fadi Shalabi, \u010delni \u010dovjek Ljubi\u010di\u0107 tenis akademije u Velom Lo\u0161inju i Ana Marija Rebi\u0107 danas su gostovali u programu na\u0161eg radija. Govorili smo o predstoje\u0107em turniru u Velom Lo\u0161inju, te s jedanaestogodi\u0161njom Ana Marijom o njezinoj predanosti i brojnim uspjesima u tenisu. Poslu\u0161ajte<\/p>\n","protected":false},"author":2,"featured_media":12510,"comment_status":"closed","ping_status":"open","sticky":false,"template":"","format":"audio","meta":{"footnotes":""},"categories":[72],"tags":[],"class_list":["post-12507","post","type-post","status-publish","format-audio","has-post-thumbnail","hentry","category-vijesti","post_format-post-format-audio"],"aioseo_notices":[],"_links":{"self":[{"href":"https:\/\/radiojadranka.hr\/index.php\/wp-json\/wp\/v2\/posts\/12507","targetHints":{"allow":["GET"]}}],"collection":[{"href":"https:\/\/radiojadranka.hr\/index.php\/wp-json\/wp\/v2\/posts"}],"about":[{"href":"https:\/\/radiojadranka.hr\/index.php\/wp-json\/wp\/v2\/types\/post"}],"author":[{"embeddable":true,"href":"https:\/\/radiojadranka.hr\/index.php\/wp-json\/wp\/v2\/users\/2"}],"replies":[{"embeddable":true,"href":"https:\/\/radiojadranka.hr\/index.php\/wp-json\/wp\/v2\/comments?post=12507"}],"version-history":[{"count":1,"href":"https:\/\/radiojadranka.hr\/index.php\/wp-json\/wp\/v2\/posts\/12507\/revisions"}],"predecessor-version":[{"id":12511,"href":"https:\/\/radiojadranka.hr\/index.php\/wp-json\/wp\/v2\/posts\/12507\/revisions\/12511"}],"wp:featuredmedia":[{"embeddable":true,"href":"https:\/\/radiojadranka.hr\/index.php\/wp-json\/wp\/v2\/media\/12510"}],"wp:attachment":[{"href":"https:\/\/radiojadranka.hr\/index.php\/wp-json\/wp\/v2\/media?parent=12507"}],"wp:term":[{"taxonomy":"category","embeddable":true,"href":"https:\/\/radiojadranka.hr\/index.php\/wp-json\/wp\/v2\/categories?post=12507"},{"taxonomy":"post_tag","embeddable":true,"href":"https:\/\/radiojadranka.hr\/index.php\/wp-json\/wp\/v2\/tags?post=12507"}],"curies":[{"name":"wp","href":"https:\/\/api.w.org\/{rel}","templated":true}]}}