{"id":12489,"date":"2025-03-18T14:39:30","date_gmt":"2025-03-18T13:39:30","guid":{"rendered":"https:\/\/radiojadranka.hr\/?p=12489"},"modified":"2025-04-01T08:35:55","modified_gmt":"2025-04-01T06:35:55","slug":"zlatko-komadina-zupan-primorsko-goranski-gost-u-nasem-programu","status":"publish","type":"post","link":"https:\/\/radiojadranka.hr\/index.php\/2025\/03\/18\/zlatko-komadina-zupan-primorsko-goranski-gost-u-nasem-programu\/","title":{"rendered":"Zlatko Komadina \u017eupan Primorsko &#8211; goranski, gost u na\u0161em programu!"},"content":{"rendered":"<p>U Velom Lo\u0161inju odr\u017ean je susret \u017dupana s Gradona\u010delnicima i Na\u010delnicima Primorsko-goranske \u017eupanije. Bila je to prilika razgovarati s \u017eupanom Zlatkom Komadinom o aktualim temama, no\u00a0 prisjetili smo se i nekih iz njegove zanimljivih i duge politi\u010dke karijere! Naime, Zlatko Komadina na predstoje\u0107im izborima ne\u0107e biti kandidat za \u017dupana. Nastavit \u0107e politi\u010dki djelovati kao zastupnik u Hrvatskom Saboru.<\/p>\n<p><iframe title=\"180325 Zlatko Komadina\" width=\"100%\" height=\"120\" src=\"https:\/\/www.mixcloud.com\/widget\/iframe\/?feed=https%3A%2F%2Fwww.mixcloud.com%2Fradio_jadranka%2F180325-zlatko-komadina%2F&amp;hide_cover=1\" frameborder=\"0\"><\/iframe><\/p>\n<p><img fetchpriority=\"high\" decoding=\"async\" class=\"alignnone size-medium wp-image-12488\" src=\"https:\/\/radiojadranka.hr\/wp-content\/uploads\/2025\/03\/IMG-20250318-WA0004-578x770.jpg\" alt=\"\" width=\"578\" height=\"770\" srcset=\"https:\/\/radiojadranka.hr\/wp-content\/uploads\/2025\/03\/IMG-20250318-WA0004-578x770.jpg 578w, https:\/\/radiojadranka.hr\/wp-content\/uploads\/2025\/03\/IMG-20250318-WA0004-878x1170.jpg 878w, https:\/\/radiojadranka.hr\/wp-content\/uploads\/2025\/03\/IMG-20250318-WA0004-768x1024.jpg 768w, https:\/\/radiojadranka.hr\/wp-content\/uploads\/2025\/03\/IMG-20250318-WA0004-1152x1536.jpg 1152w, https:\/\/radiojadranka.hr\/wp-content\/uploads\/2025\/03\/IMG-20250318-WA0004.jpg 1200w\" sizes=\"(max-width: 578px) 100vw, 578px\" \/><\/p>\n","protected":false},"excerpt":{"rendered":"<p>U Velom Lo\u0161inju odr\u017ean je susret \u017dupana s Gradona\u010delnicima i Na\u010delnicima Primorsko-goranske \u017eupanije. Bila je to prilika razgovarati s \u017eupanom Zlatkom Komadinom o aktualim temama, no\u00a0 prisjetili smo se i nekih iz njegove zanimljivih i duge politi\u010dke karijere! Naime, Zlatko Komadina na predstoje\u0107im izborima ne\u0107e biti kandidat za \u017dupana. Nastavit ...<\/p>\n","protected":false},"author":2,"featured_media":12488,"comment_status":"closed","ping_status":"open","sticky":false,"template":"","format":"audio","meta":{"footnotes":""},"categories":[72],"tags":[],"class_list":["post-12489","post","type-post","status-publish","format-audio","has-post-thumbnail","hentry","category-vijesti","post_format-post-format-audio"],"aioseo_notices":[],"_links":{"self":[{"href":"https:\/\/radiojadranka.hr\/index.php\/wp-json\/wp\/v2\/posts\/12489","targetHints":{"allow":["GET"]}}],"collection":[{"href":"https:\/\/radiojadranka.hr\/index.php\/wp-json\/wp\/v2\/posts"}],"about":[{"href":"https:\/\/radiojadranka.hr\/index.php\/wp-json\/wp\/v2\/types\/post"}],"author":[{"embeddable":true,"href":"https:\/\/radiojadranka.hr\/index.php\/wp-json\/wp\/v2\/users\/2"}],"replies":[{"embeddable":true,"href":"https:\/\/radiojadranka.hr\/index.php\/wp-json\/wp\/v2\/comments?post=12489"}],"version-history":[{"count":1,"href":"https:\/\/radiojadranka.hr\/index.php\/wp-json\/wp\/v2\/posts\/12489\/revisions"}],"predecessor-version":[{"id":12490,"href":"https:\/\/radiojadranka.hr\/index.php\/wp-json\/wp\/v2\/posts\/12489\/revisions\/12490"}],"wp:featuredmedia":[{"embeddable":true,"href":"https:\/\/radiojadranka.hr\/index.php\/wp-json\/wp\/v2\/media\/12488"}],"wp:attachment":[{"href":"https:\/\/radiojadranka.hr\/index.php\/wp-json\/wp\/v2\/media?parent=12489"}],"wp:term":[{"taxonomy":"category","embeddable":true,"href":"https:\/\/radiojadranka.hr\/index.php\/wp-json\/wp\/v2\/categories?post=12489"},{"taxonomy":"post_tag","embeddable":true,"href":"https:\/\/radiojadranka.hr\/index.php\/wp-json\/wp\/v2\/tags?post=12489"}],"curies":[{"name":"wp","href":"https:\/\/api.w.org\/{rel}","templated":true}]}}