{"id":12401,"date":"2025-03-04T18:46:06","date_gmt":"2025-03-04T17:46:06","guid":{"rendered":"https:\/\/radiojadranka.hr\/?p=12401"},"modified":"2025-04-01T08:35:55","modified_gmt":"2025-04-01T06:35:55","slug":"karneval-broji-zadnje-sate-poslusajte-testamente-malog-i-velog-losinja","status":"publish","type":"post","link":"https:\/\/radiojadranka.hr\/index.php\/2025\/03\/04\/karneval-broji-zadnje-sate-poslusajte-testamente-malog-i-velog-losinja\/","title":{"rendered":"Karneval broji zadnje sate, poslu\u0161ajte testamente Malog i Velog Lo\u0161inja"},"content":{"rendered":"<p>Na glavnom gradskom trgu u Malom Lo\u0161inju pro\u010ditani su testamenti ovogodi\u0161njeg karnevala u Malom i Velom Lo\u0161inju. Poslu\u0161ajte Damjana i Anu, te za veloselski Nedeljka Bari\u010devi\u0107a koji kao me\u0161tar, testament interpretira po 45. put! Bravo i \u010destitke!<\/p>\n<p><iframe title=\"Testamenti Mali I Veli Losinj 2025\" width=\"100%\" height=\"120\" src=\"https:\/\/www.mixcloud.com\/widget\/iframe\/?feed=https%3A%2F%2Fwww.mixcloud.com%2Fradio_jadranka%2Ftestamenti-mali-i-veli-losinj-2025%2F&amp;hide_cover=1\" frameborder=\"0\"><\/iframe><br \/>\n<div id='gallery-1' class='gallery galleryid-12401 gallery-columns-3 gallery-size-thumbnail'><figure class='gallery-item'>\n\t\t\t<div class='gallery-icon portrait'>\n\t\t\t\t<a href='https:\/\/radiojadranka.hr\/index.php\/2025\/03\/04\/karneval-broji-zadnje-sate-poslusajte-testamente-malog-i-velog-losinja\/screenshot_2025-03-04-16-26-11-25_92460851df6f172a4592fca41cc2d2e6-1\/'><img decoding=\"async\" width=\"150\" height=\"150\" src=\"https:\/\/radiojadranka.hr\/wp-content\/uploads\/2025\/03\/Screenshot_2025-03-04-16-26-11-25_92460851df6f172a4592fca41cc2d2e6-1-150x150.jpg\" class=\"attachment-thumbnail size-thumbnail\" alt=\"\" srcset=\"https:\/\/radiojadranka.hr\/wp-content\/uploads\/2025\/03\/Screenshot_2025-03-04-16-26-11-25_92460851df6f172a4592fca41cc2d2e6-1-150x150.jpg 150w, https:\/\/radiojadranka.hr\/wp-content\/uploads\/2025\/03\/Screenshot_2025-03-04-16-26-11-25_92460851df6f172a4592fca41cc2d2e6-1-100x100.jpg 100w, https:\/\/radiojadranka.hr\/wp-content\/uploads\/2025\/03\/Screenshot_2025-03-04-16-26-11-25_92460851df6f172a4592fca41cc2d2e6-1-370x370.jpg 370w\" sizes=\"(max-width: 150px) 100vw, 150px\" \/><\/a>\n\t\t\t<\/div><\/figure><figure class='gallery-item'>\n\t\t\t<div class='gallery-icon portrait'>\n\t\t\t\t<a href='https:\/\/radiojadranka.hr\/index.php\/2025\/03\/04\/karneval-broji-zadnje-sate-poslusajte-testamente-malog-i-velog-losinja\/img20250304164925-1\/'><img decoding=\"async\" width=\"150\" height=\"150\" src=\"https:\/\/radiojadranka.hr\/wp-content\/uploads\/2025\/03\/IMG20250304164925-1-150x150.jpg\" class=\"attachment-thumbnail size-thumbnail\" alt=\"\" srcset=\"https:\/\/radiojadranka.hr\/wp-content\/uploads\/2025\/03\/IMG20250304164925-1-150x150.jpg 150w, https:\/\/radiojadranka.hr\/wp-content\/uploads\/2025\/03\/IMG20250304164925-1-100x100.jpg 100w, https:\/\/radiojadranka.hr\/wp-content\/uploads\/2025\/03\/IMG20250304164925-1-370x370.jpg 370w\" sizes=\"(max-width: 150px) 100vw, 150px\" \/><\/a>\n\t\t\t<\/div><\/figure><figure class='gallery-item'>\n\t\t\t<div class='gallery-icon portrait'>\n\t\t\t\t<a href='https:\/\/radiojadranka.hr\/index.php\/2025\/03\/04\/karneval-broji-zadnje-sate-poslusajte-testamente-malog-i-velog-losinja\/img_20250304_170734-1\/'><img decoding=\"async\" width=\"150\" height=\"150\" src=\"https:\/\/radiojadranka.hr\/wp-content\/uploads\/2025\/03\/IMG_20250304_170734-1-150x150.jpg\" class=\"attachment-thumbnail size-thumbnail\" alt=\"\" srcset=\"https:\/\/radiojadranka.hr\/wp-content\/uploads\/2025\/03\/IMG_20250304_170734-1-150x150.jpg 150w, https:\/\/radiojadranka.hr\/wp-content\/uploads\/2025\/03\/IMG_20250304_170734-1-100x100.jpg 100w, https:\/\/radiojadranka.hr\/wp-content\/uploads\/2025\/03\/IMG_20250304_170734-1-370x370.jpg 370w\" sizes=\"(max-width: 150px) 100vw, 150px\" \/><\/a>\n\t\t\t<\/div><\/figure><figure class='gallery-item'>\n\t\t\t<div class='gallery-icon portrait'>\n\t\t\t\t<a href='https:\/\/radiojadranka.hr\/index.php\/2025\/03\/04\/karneval-broji-zadnje-sate-poslusajte-testamente-malog-i-velog-losinja\/img_20250304_183729-1\/'><img loading=\"lazy\" decoding=\"async\" width=\"150\" height=\"150\" src=\"https:\/\/radiojadranka.hr\/wp-content\/uploads\/2025\/03\/IMG_20250304_183729-1-150x150.jpg\" class=\"attachment-thumbnail size-thumbnail\" alt=\"\" srcset=\"https:\/\/radiojadranka.hr\/wp-content\/uploads\/2025\/03\/IMG_20250304_183729-1-150x150.jpg 150w, https:\/\/radiojadranka.hr\/wp-content\/uploads\/2025\/03\/IMG_20250304_183729-1-100x100.jpg 100w, https:\/\/radiojadranka.hr\/wp-content\/uploads\/2025\/03\/IMG_20250304_183729-1-370x370.jpg 370w\" sizes=\"(max-width: 150px) 100vw, 150px\" \/><\/a>\n\t\t\t<\/div><\/figure><figure class='gallery-item'>\n\t\t\t<div class='gallery-icon portrait'>\n\t\t\t\t<a href='https:\/\/radiojadranka.hr\/index.php\/2025\/03\/04\/karneval-broji-zadnje-sate-poslusajte-testamente-malog-i-velog-losinja\/img20250304172700_01-1\/'><img loading=\"lazy\" decoding=\"async\" width=\"150\" height=\"150\" src=\"https:\/\/radiojadranka.hr\/wp-content\/uploads\/2025\/03\/IMG20250304172700_01-1-150x150.jpg\" class=\"attachment-thumbnail size-thumbnail\" alt=\"\" srcset=\"https:\/\/radiojadranka.hr\/wp-content\/uploads\/2025\/03\/IMG20250304172700_01-1-150x150.jpg 150w, https:\/\/radiojadranka.hr\/wp-content\/uploads\/2025\/03\/IMG20250304172700_01-1-100x100.jpg 100w, https:\/\/radiojadranka.hr\/wp-content\/uploads\/2025\/03\/IMG20250304172700_01-1-370x370.jpg 370w\" sizes=\"(max-width: 150px) 100vw, 150px\" \/><\/a>\n\t\t\t<\/div><\/figure>\n\t\t<\/div>\n<\/p>\n<p>&nbsp;<\/p>\n","protected":false},"excerpt":{"rendered":"<p>Na glavnom gradskom trgu u Malom Lo\u0161inju pro\u010ditani su testamenti ovogodi\u0161njeg karnevala u Malom i Velom Lo\u0161inju. Poslu\u0161ajte Damjana i Anu, te za veloselski Nedeljka Bari\u010devi\u0107a koji kao me\u0161tar, testament interpretira po 45. put! Bravo i \u010destitke! &nbsp;<\/p>\n","protected":false},"author":2,"featured_media":12402,"comment_status":"closed","ping_status":"open","sticky":false,"template":"","format":"audio","meta":{"footnotes":""},"categories":[72],"tags":[],"class_list":["post-12401","post","type-post","status-publish","format-audio","has-post-thumbnail","hentry","category-vijesti","post_format-post-format-audio"],"aioseo_notices":[],"_links":{"self":[{"href":"https:\/\/radiojadranka.hr\/index.php\/wp-json\/wp\/v2\/posts\/12401","targetHints":{"allow":["GET"]}}],"collection":[{"href":"https:\/\/radiojadranka.hr\/index.php\/wp-json\/wp\/v2\/posts"}],"about":[{"href":"https:\/\/radiojadranka.hr\/index.php\/wp-json\/wp\/v2\/types\/post"}],"author":[{"embeddable":true,"href":"https:\/\/radiojadranka.hr\/index.php\/wp-json\/wp\/v2\/users\/2"}],"replies":[{"embeddable":true,"href":"https:\/\/radiojadranka.hr\/index.php\/wp-json\/wp\/v2\/comments?post=12401"}],"version-history":[{"count":5,"href":"https:\/\/radiojadranka.hr\/index.php\/wp-json\/wp\/v2\/posts\/12401\/revisions"}],"predecessor-version":[{"id":12426,"href":"https:\/\/radiojadranka.hr\/index.php\/wp-json\/wp\/v2\/posts\/12401\/revisions\/12426"}],"wp:featuredmedia":[{"embeddable":true,"href":"https:\/\/radiojadranka.hr\/index.php\/wp-json\/wp\/v2\/media\/12402"}],"wp:attachment":[{"href":"https:\/\/radiojadranka.hr\/index.php\/wp-json\/wp\/v2\/media?parent=12401"}],"wp:term":[{"taxonomy":"category","embeddable":true,"href":"https:\/\/radiojadranka.hr\/index.php\/wp-json\/wp\/v2\/categories?post=12401"},{"taxonomy":"post_tag","embeddable":true,"href":"https:\/\/radiojadranka.hr\/index.php\/wp-json\/wp\/v2\/tags?post=12401"}],"curies":[{"name":"wp","href":"https:\/\/api.w.org\/{rel}","templated":true}]}}