{"id":12396,"date":"2025-02-28T12:54:23","date_gmt":"2025-02-28T11:54:23","guid":{"rendered":"https:\/\/radiojadranka.hr\/?p=12396"},"modified":"2025-04-01T08:35:55","modified_gmt":"2025-04-01T06:35:55","slug":"ulazimo-u-samu-zavrsnicu-petog-godisnjeg-doba","status":"publish","type":"post","link":"https:\/\/radiojadranka.hr\/index.php\/2025\/02\/28\/ulazimo-u-samu-zavrsnicu-petog-godisnjeg-doba\/","title":{"rendered":"Ulazimo u samu zavr\u0161nicu petog godi\u0161njeg doba!"},"content":{"rendered":"<p>U emisiji koju vodi Ena Pervan, gostuju Barbara \u0160urlina Bili\u0107, Jerko Ku\u0161eta i Marin Br\u010di\u0107! Poslu\u0161ajte&#8230;.<\/p>\n<p><iframe title=\"280225 Maskare\" width=\"100%\" height=\"120\" src=\"https:\/\/www.mixcloud.com\/widget\/iframe\/?feed=https%3A%2F%2Fwww.mixcloud.com%2Fradio_jadranka%2F280225-maskare%2F&amp;hide_cover=1\" frameborder=\"0\"><\/iframe><\/p>\n<p><img fetchpriority=\"high\" decoding=\"async\" class=\"alignnone size-medium wp-image-12397\" src=\"https:\/\/radiojadranka.hr\/wp-content\/uploads\/2025\/02\/1707898731027-770x433.jpg\" alt=\"\" width=\"770\" height=\"433\" srcset=\"https:\/\/radiojadranka.hr\/wp-content\/uploads\/2025\/02\/1707898731027-770x433.jpg 770w, https:\/\/radiojadranka.hr\/wp-content\/uploads\/2025\/02\/1707898731027-1170x658.jpg 1170w, https:\/\/radiojadranka.hr\/wp-content\/uploads\/2025\/02\/1707898731027-768x432.jpg 768w, https:\/\/radiojadranka.hr\/wp-content\/uploads\/2025\/02\/1707898731027-1536x864.jpg 1536w, https:\/\/radiojadranka.hr\/wp-content\/uploads\/2025\/02\/1707898731027.jpg 1920w\" sizes=\"(max-width: 770px) 100vw, 770px\" \/><\/p>\n","protected":false},"excerpt":{"rendered":"<p>U emisiji koju vodi Ena Pervan, gostuju Barbara \u0160urlina Bili\u0107, Jerko Ku\u0161eta i Marin Br\u010di\u0107! Poslu\u0161ajte&#8230;.<\/p>\n","protected":false},"author":2,"featured_media":12397,"comment_status":"closed","ping_status":"open","sticky":false,"template":"","format":"audio","meta":{"footnotes":""},"categories":[72],"tags":[],"class_list":["post-12396","post","type-post","status-publish","format-audio","has-post-thumbnail","hentry","category-vijesti","post_format-post-format-audio"],"aioseo_notices":[],"_links":{"self":[{"href":"https:\/\/radiojadranka.hr\/index.php\/wp-json\/wp\/v2\/posts\/12396","targetHints":{"allow":["GET"]}}],"collection":[{"href":"https:\/\/radiojadranka.hr\/index.php\/wp-json\/wp\/v2\/posts"}],"about":[{"href":"https:\/\/radiojadranka.hr\/index.php\/wp-json\/wp\/v2\/types\/post"}],"author":[{"embeddable":true,"href":"https:\/\/radiojadranka.hr\/index.php\/wp-json\/wp\/v2\/users\/2"}],"replies":[{"embeddable":true,"href":"https:\/\/radiojadranka.hr\/index.php\/wp-json\/wp\/v2\/comments?post=12396"}],"version-history":[{"count":1,"href":"https:\/\/radiojadranka.hr\/index.php\/wp-json\/wp\/v2\/posts\/12396\/revisions"}],"predecessor-version":[{"id":12398,"href":"https:\/\/radiojadranka.hr\/index.php\/wp-json\/wp\/v2\/posts\/12396\/revisions\/12398"}],"wp:featuredmedia":[{"embeddable":true,"href":"https:\/\/radiojadranka.hr\/index.php\/wp-json\/wp\/v2\/media\/12397"}],"wp:attachment":[{"href":"https:\/\/radiojadranka.hr\/index.php\/wp-json\/wp\/v2\/media?parent=12396"}],"wp:term":[{"taxonomy":"category","embeddable":true,"href":"https:\/\/radiojadranka.hr\/index.php\/wp-json\/wp\/v2\/categories?post=12396"},{"taxonomy":"post_tag","embeddable":true,"href":"https:\/\/radiojadranka.hr\/index.php\/wp-json\/wp\/v2\/tags?post=12396"}],"curies":[{"name":"wp","href":"https:\/\/api.w.org\/{rel}","templated":true}]}}