{"id":12388,"date":"2025-02-28T08:52:01","date_gmt":"2025-02-28T07:52:01","guid":{"rendered":"https:\/\/radiojadranka.hr\/?p=12388"},"modified":"2025-04-01T08:35:55","modified_gmt":"2025-04-01T06:35:55","slug":"ogranicen-promet-u-centru-malog-losinja-tijekom-maskaranih-manifestacija","status":"publish","type":"post","link":"https:\/\/radiojadranka.hr\/index.php\/2025\/02\/28\/ogranicen-promet-u-centru-malog-losinja-tijekom-maskaranih-manifestacija\/","title":{"rendered":"Ograni\u010den promet u centru Malog Lo\u0161inja tijekom ma\u0161karanih manifestacija!"},"content":{"rendered":"<p>Radi potreba organizacije<strong><em><u> Balinjerade, u subotu 1.3.2025. godine s po\u010detkom u 13.00 sati (trening od 12.00),<\/u> <\/em><\/strong>planirano je zatvaranje ulice Bra\u0107e Ivana i Stjepana Viduli\u0107a \u2013 od raskr\u0161\u0107a ulice Svete Marije, ulice Sveti Martin, Zagreba\u010dke ulice i ulice Bra\u0107e Ivana i Stjepana Viduli\u0107a do Trga Republike Hrvatske, to\u010dnije do pje\u0161a\u010dkog prijelaza ispred kipa podvodnog ribolovca, u vremenskom intervalu od 12.00 do 16.30 sati, a ovisno o povoljnijoj vremenskoj prognozi prometnica \u0107e se otvoriti ne\u0161to ranije.<\/p>\n<p>Radi potreba organizacije <strong><em><u>Dje\u010dje ma\u0161karane povorke, u utorak 4.3.2025. godine s po\u010detkom u 10.00 sati,<\/u> <\/em><\/strong>planirano je zatvaranje ulice Bra\u0107e Ivana i Stjepana Viduli\u0107a \u2013 od pje\u0161a\u010dkog prijelaza ispod Gradske knji\u017enice i \u010ditaonice do pje\u0161a\u010dkog prijelaza ispred kipa podvodnog ribolovca (Trg Republike Hrvatske), u vremenskom intervalu izme\u0111u 9.40 i 10.30 sati, a ovisno o planiranom dolasku osnovno\u0161kolske djece prometnica \u0107e se zatvoriti ne\u0161to kasnije.<\/p>\n<p>Radi potreba organizacije<strong><em><u> Velike ma\u0161karane povorke, u utorak 4.3.2025. godine s po\u010detkom u 15.00 sati,<\/u> <\/em><\/strong>planirano je zatvaranje ulice Dubovica \u2013 od raskr\u0161\u0107a Veloselske ulice do rotora na Dubovici te po izmicanju povorke \u2013 ulice Bra\u0107e Ivana i Stjepana Viduli\u0107a \u2013 od raskr\u0161\u0107a ulice Svete Marije, ulice Sveti Martin, Zagreba\u010dke ulice i ulice Bra\u0107e Ivana i Stjepana Viduli\u0107a do Trga Republike Hrvatske, to\u010dnije do pje\u0161a\u010dkog prijelaza ispred kipa podvodnog ribolovca, od 14.45 do 18.00 sati.<\/p>\n<p><img fetchpriority=\"high\" decoding=\"async\" class=\"alignnone size-medium wp-image-12389\" src=\"https:\/\/radiojadranka.hr\/wp-content\/uploads\/2025\/02\/1707898730906-1-770x434.jpg\" alt=\"\" width=\"770\" height=\"434\" srcset=\"https:\/\/radiojadranka.hr\/wp-content\/uploads\/2025\/02\/1707898730906-1-770x434.jpg 770w, https:\/\/radiojadranka.hr\/wp-content\/uploads\/2025\/02\/1707898730906-1-768x432.jpg 768w, https:\/\/radiojadranka.hr\/wp-content\/uploads\/2025\/02\/1707898730906-1.jpg 1000w\" sizes=\"(max-width: 770px) 100vw, 770px\" \/><\/p>\n<p>&nbsp;<\/p>\n","protected":false},"excerpt":{"rendered":"<p>Radi potreba organizacije Balinjerade, u subotu 1.3.2025. godine s po\u010detkom u 13.00 sati (trening od 12.00), planirano je zatvaranje ulice Bra\u0107e Ivana i Stjepana Viduli\u0107a \u2013 od raskr\u0161\u0107a ulice Svete Marije, ulice Sveti Martin, Zagreba\u010dke ulice i ulice Bra\u0107e Ivana i Stjepana Viduli\u0107a do Trga Republike Hrvatske, to\u010dnije do pje\u0161a\u010dkog ...<\/p>\n","protected":false},"author":2,"featured_media":12389,"comment_status":"closed","ping_status":"open","sticky":false,"template":"","format":"audio","meta":{"footnotes":""},"categories":[72],"tags":[],"class_list":["post-12388","post","type-post","status-publish","format-audio","has-post-thumbnail","hentry","category-vijesti","post_format-post-format-audio"],"aioseo_notices":[],"_links":{"self":[{"href":"https:\/\/radiojadranka.hr\/index.php\/wp-json\/wp\/v2\/posts\/12388","targetHints":{"allow":["GET"]}}],"collection":[{"href":"https:\/\/radiojadranka.hr\/index.php\/wp-json\/wp\/v2\/posts"}],"about":[{"href":"https:\/\/radiojadranka.hr\/index.php\/wp-json\/wp\/v2\/types\/post"}],"author":[{"embeddable":true,"href":"https:\/\/radiojadranka.hr\/index.php\/wp-json\/wp\/v2\/users\/2"}],"replies":[{"embeddable":true,"href":"https:\/\/radiojadranka.hr\/index.php\/wp-json\/wp\/v2\/comments?post=12388"}],"version-history":[{"count":1,"href":"https:\/\/radiojadranka.hr\/index.php\/wp-json\/wp\/v2\/posts\/12388\/revisions"}],"predecessor-version":[{"id":12390,"href":"https:\/\/radiojadranka.hr\/index.php\/wp-json\/wp\/v2\/posts\/12388\/revisions\/12390"}],"wp:featuredmedia":[{"embeddable":true,"href":"https:\/\/radiojadranka.hr\/index.php\/wp-json\/wp\/v2\/media\/12389"}],"wp:attachment":[{"href":"https:\/\/radiojadranka.hr\/index.php\/wp-json\/wp\/v2\/media?parent=12388"}],"wp:term":[{"taxonomy":"category","embeddable":true,"href":"https:\/\/radiojadranka.hr\/index.php\/wp-json\/wp\/v2\/categories?post=12388"},{"taxonomy":"post_tag","embeddable":true,"href":"https:\/\/radiojadranka.hr\/index.php\/wp-json\/wp\/v2\/tags?post=12388"}],"curies":[{"name":"wp","href":"https:\/\/api.w.org\/{rel}","templated":true}]}}