{"id":12376,"date":"2025-02-26T11:23:45","date_gmt":"2025-02-26T10:23:45","guid":{"rendered":"https:\/\/radiojadranka.hr\/?p=12376"},"modified":"2025-04-01T08:35:55","modified_gmt":"2025-04-01T06:35:55","slug":"novo-zapovjedno-vozilo-u-losinjskoj-vatrogasnoj-postrojbi","status":"publish","type":"post","link":"https:\/\/radiojadranka.hr\/index.php\/2025\/02\/26\/novo-zapovjedno-vozilo-u-losinjskoj-vatrogasnoj-postrojbi\/","title":{"rendered":"Novo zapovjedno vozilo u lo\u0161injskoj vatrogasnoj postrojbi!"},"content":{"rendered":"<p>Novo zapovjedno vatrogasno vozilo u malolo\u0161injskoj javnoj vatrogasnoj postrojbi je Toyota Hillux, nabavljeno je kroz projekte Primorsko goranske \u017eupanijie. Poslu\u0161ajmo \u0161to nam je rekao Marin Br\u010di\u0107 zamjenik zapovjednika Javne vatrogasne postrojbe Mali Lo\u0161inj!<\/p>\n<p><iframe title=\"260225 Novo Vatrogasno Vozilo\" width=\"100%\" height=\"120\" src=\"https:\/\/www.mixcloud.com\/widget\/iframe\/?feed=https%3A%2F%2Fwww.mixcloud.com%2Fradio_jadranka%2F260225-novo-vatrogasno-vozilo%2F&amp;hide_cover=1\" frameborder=\"0\"><\/iframe><\/p>\n<div id='gallery-1' class='gallery galleryid-12376 gallery-columns-3 gallery-size-thumbnail'><figure class='gallery-item'>\n\t\t\t<div class='gallery-icon landscape'>\n\t\t\t\t<a href='https:\/\/radiojadranka.hr\/index.php\/2025\/02\/26\/novo-zapovjedno-vozilo-u-losinjskoj-vatrogasnoj-postrojbi\/img20250226084011\/'><img decoding=\"async\" width=\"150\" height=\"150\" src=\"https:\/\/radiojadranka.hr\/wp-content\/uploads\/2025\/02\/IMG20250226084011-150x150.jpg\" class=\"attachment-thumbnail size-thumbnail\" alt=\"\" srcset=\"https:\/\/radiojadranka.hr\/wp-content\/uploads\/2025\/02\/IMG20250226084011-150x150.jpg 150w, https:\/\/radiojadranka.hr\/wp-content\/uploads\/2025\/02\/IMG20250226084011-100x100.jpg 100w, https:\/\/radiojadranka.hr\/wp-content\/uploads\/2025\/02\/IMG20250226084011-370x370.jpg 370w\" sizes=\"(max-width: 150px) 100vw, 150px\" \/><\/a>\n\t\t\t<\/div><\/figure><figure class='gallery-item'>\n\t\t\t<div class='gallery-icon landscape'>\n\t\t\t\t<a href='https:\/\/radiojadranka.hr\/index.php\/2025\/02\/26\/novo-zapovjedno-vozilo-u-losinjskoj-vatrogasnoj-postrojbi\/img20250226083842-1\/'><img decoding=\"async\" width=\"150\" height=\"150\" src=\"https:\/\/radiojadranka.hr\/wp-content\/uploads\/2025\/02\/IMG20250226083842-1-150x150.jpg\" class=\"attachment-thumbnail size-thumbnail\" alt=\"\" srcset=\"https:\/\/radiojadranka.hr\/wp-content\/uploads\/2025\/02\/IMG20250226083842-1-150x150.jpg 150w, https:\/\/radiojadranka.hr\/wp-content\/uploads\/2025\/02\/IMG20250226083842-1-100x100.jpg 100w, https:\/\/radiojadranka.hr\/wp-content\/uploads\/2025\/02\/IMG20250226083842-1-370x370.jpg 370w\" sizes=\"(max-width: 150px) 100vw, 150px\" \/><\/a>\n\t\t\t<\/div><\/figure><figure class='gallery-item'>\n\t\t\t<div class='gallery-icon landscape'>\n\t\t\t\t<a href='https:\/\/radiojadranka.hr\/index.php\/2025\/02\/26\/novo-zapovjedno-vozilo-u-losinjskoj-vatrogasnoj-postrojbi\/img20250226083901-1\/'><img decoding=\"async\" width=\"150\" height=\"150\" src=\"https:\/\/radiojadranka.hr\/wp-content\/uploads\/2025\/02\/IMG20250226083901-1-150x150.jpg\" class=\"attachment-thumbnail size-thumbnail\" alt=\"\" srcset=\"https:\/\/radiojadranka.hr\/wp-content\/uploads\/2025\/02\/IMG20250226083901-1-150x150.jpg 150w, https:\/\/radiojadranka.hr\/wp-content\/uploads\/2025\/02\/IMG20250226083901-1-100x100.jpg 100w, https:\/\/radiojadranka.hr\/wp-content\/uploads\/2025\/02\/IMG20250226083901-1-370x370.jpg 370w\" sizes=\"(max-width: 150px) 100vw, 150px\" \/><\/a>\n\t\t\t<\/div><\/figure>\n\t\t<\/div>\n\n<p>!<\/p>\n","protected":false},"excerpt":{"rendered":"<p>Novo zapovjedno vatrogasno vozilo u malolo\u0161injskoj javnoj vatrogasnoj postrojbi je Toyota Hillux, nabavljeno je kroz projekte Primorsko goranske \u017eupanijie. Poslu\u0161ajmo \u0161to nam je rekao Marin Br\u010di\u0107 zamjenik zapovjednika Javne vatrogasne postrojbe Mali Lo\u0161inj! !<\/p>\n","protected":false},"author":2,"featured_media":12378,"comment_status":"closed","ping_status":"open","sticky":false,"template":"","format":"audio","meta":{"footnotes":""},"categories":[72],"tags":[],"class_list":["post-12376","post","type-post","status-publish","format-audio","has-post-thumbnail","hentry","category-vijesti","post_format-post-format-audio"],"aioseo_notices":[],"_links":{"self":[{"href":"https:\/\/radiojadranka.hr\/index.php\/wp-json\/wp\/v2\/posts\/12376","targetHints":{"allow":["GET"]}}],"collection":[{"href":"https:\/\/radiojadranka.hr\/index.php\/wp-json\/wp\/v2\/posts"}],"about":[{"href":"https:\/\/radiojadranka.hr\/index.php\/wp-json\/wp\/v2\/types\/post"}],"author":[{"embeddable":true,"href":"https:\/\/radiojadranka.hr\/index.php\/wp-json\/wp\/v2\/users\/2"}],"replies":[{"embeddable":true,"href":"https:\/\/radiojadranka.hr\/index.php\/wp-json\/wp\/v2\/comments?post=12376"}],"version-history":[{"count":4,"href":"https:\/\/radiojadranka.hr\/index.php\/wp-json\/wp\/v2\/posts\/12376\/revisions"}],"predecessor-version":[{"id":12383,"href":"https:\/\/radiojadranka.hr\/index.php\/wp-json\/wp\/v2\/posts\/12376\/revisions\/12383"}],"wp:featuredmedia":[{"embeddable":true,"href":"https:\/\/radiojadranka.hr\/index.php\/wp-json\/wp\/v2\/media\/12378"}],"wp:attachment":[{"href":"https:\/\/radiojadranka.hr\/index.php\/wp-json\/wp\/v2\/media?parent=12376"}],"wp:term":[{"taxonomy":"category","embeddable":true,"href":"https:\/\/radiojadranka.hr\/index.php\/wp-json\/wp\/v2\/categories?post=12376"},{"taxonomy":"post_tag","embeddable":true,"href":"https:\/\/radiojadranka.hr\/index.php\/wp-json\/wp\/v2\/tags?post=12376"}],"curies":[{"name":"wp","href":"https:\/\/api.w.org\/{rel}","templated":true}]}}