{"id":12357,"date":"2025-02-17T10:53:52","date_gmt":"2025-02-17T09:53:52","guid":{"rendered":"https:\/\/radiojadranka.hr\/?p=12357"},"modified":"2025-04-01T08:35:55","modified_gmt":"2025-04-01T06:35:55","slug":"glazbeni-arhipelag-nova-emisija-u-nasem-programu","status":"publish","type":"post","link":"https:\/\/radiojadranka.hr\/index.php\/2025\/02\/17\/glazbeni-arhipelag-nova-emisija-u-nasem-programu\/","title":{"rendered":"&#8220;Glazbeni arhipelag&#8221; &#8211; nova emisija u na\u0161em programu!"},"content":{"rendered":"<p>&#8220;Glazbeni arhipelag&#8221; naziv je to na\u0161e nove emisija\u00a0koja donosi pjesme autora i \/ ili izvo\u0111a\u010da s na\u0161ih otoka! Svakog dana u 13,20 emitirat \u0107emo dvije &#8211; tri pjesme, koliko stane u deset minuta. Emisiju \u0107emo emitirati od 13,20, a na\u0161i vrijedni glazbeni urednici \u0107e najaviti pjesme i upoznati vas s izvo\u0111a\u010dima! Po\u0161aljite nam svoju glazbu, uka\u017eite nam na neke od vama dragih pjesama na\u0161ih otoka. Ukoliko imate snimke &#8220;starih&#8221;\u00a0 bendova od Porozine do Ilovika, posudite nam a kako bi obogatili &#8211; upotpunili na\u0161u fonoteku i uvrstili ih u ovu emisiju.<\/p>\n<p>Slu\u0161amo se svakog dana u 13,20!<\/p>\n<p><iframe title=\"Glazbeni Arhipelag\" width=\"100%\" height=\"120\" src=\"https:\/\/www.mixcloud.com\/widget\/iframe\/?feed=https%3A%2F%2Fwww.mixcloud.com%2Fradio_jadranka%2Fglazbeni-arhipelag%2F&amp;hide_cover=1\" frameborder=\"0\"><\/iframe><\/p>\n<p><img fetchpriority=\"high\" decoding=\"async\" class=\"alignnone size-medium wp-image-12358\" src=\"https:\/\/radiojadranka.hr\/wp-content\/uploads\/2025\/02\/Glazbeni-arhipelag-770x543.jpg\" alt=\"\" width=\"770\" height=\"543\" srcset=\"https:\/\/radiojadranka.hr\/wp-content\/uploads\/2025\/02\/Glazbeni-arhipelag-770x543.jpg 770w, https:\/\/radiojadranka.hr\/wp-content\/uploads\/2025\/02\/Glazbeni-arhipelag-1170x825.jpg 1170w, https:\/\/radiojadranka.hr\/wp-content\/uploads\/2025\/02\/Glazbeni-arhipelag-768x541.jpg 768w, https:\/\/radiojadranka.hr\/wp-content\/uploads\/2025\/02\/Glazbeni-arhipelag-1536x1083.jpg 1536w, https:\/\/radiojadranka.hr\/wp-content\/uploads\/2025\/02\/Glazbeni-arhipelag-2048x1444.jpg 2048w\" sizes=\"(max-width: 770px) 100vw, 770px\" \/><\/p>\n","protected":false},"excerpt":{"rendered":"<p>&#8220;Glazbeni arhipelag&#8221; naziv je to na\u0161e nove emisija\u00a0koja donosi pjesme autora i \/ ili izvo\u0111a\u010da s na\u0161ih otoka! Svakog dana u 13,20 emitirat \u0107emo dvije &#8211; tri pjesme, koliko stane u deset minuta. Emisiju \u0107emo emitirati od 13,20, a na\u0161i vrijedni glazbeni urednici \u0107e najaviti pjesme i upoznati vas s ...<\/p>\n","protected":false},"author":2,"featured_media":12361,"comment_status":"closed","ping_status":"open","sticky":false,"template":"","format":"audio","meta":{"footnotes":""},"categories":[72],"tags":[],"class_list":["post-12357","post","type-post","status-publish","format-audio","has-post-thumbnail","hentry","category-vijesti","post_format-post-format-audio"],"aioseo_notices":[],"_links":{"self":[{"href":"https:\/\/radiojadranka.hr\/index.php\/wp-json\/wp\/v2\/posts\/12357","targetHints":{"allow":["GET"]}}],"collection":[{"href":"https:\/\/radiojadranka.hr\/index.php\/wp-json\/wp\/v2\/posts"}],"about":[{"href":"https:\/\/radiojadranka.hr\/index.php\/wp-json\/wp\/v2\/types\/post"}],"author":[{"embeddable":true,"href":"https:\/\/radiojadranka.hr\/index.php\/wp-json\/wp\/v2\/users\/2"}],"replies":[{"embeddable":true,"href":"https:\/\/radiojadranka.hr\/index.php\/wp-json\/wp\/v2\/comments?post=12357"}],"version-history":[{"count":1,"href":"https:\/\/radiojadranka.hr\/index.php\/wp-json\/wp\/v2\/posts\/12357\/revisions"}],"predecessor-version":[{"id":12359,"href":"https:\/\/radiojadranka.hr\/index.php\/wp-json\/wp\/v2\/posts\/12357\/revisions\/12359"}],"wp:featuredmedia":[{"embeddable":true,"href":"https:\/\/radiojadranka.hr\/index.php\/wp-json\/wp\/v2\/media\/12361"}],"wp:attachment":[{"href":"https:\/\/radiojadranka.hr\/index.php\/wp-json\/wp\/v2\/media?parent=12357"}],"wp:term":[{"taxonomy":"category","embeddable":true,"href":"https:\/\/radiojadranka.hr\/index.php\/wp-json\/wp\/v2\/categories?post=12357"},{"taxonomy":"post_tag","embeddable":true,"href":"https:\/\/radiojadranka.hr\/index.php\/wp-json\/wp\/v2\/tags?post=12357"}],"curies":[{"name":"wp","href":"https:\/\/api.w.org\/{rel}","templated":true}]}}