{"id":12325,"date":"2025-02-06T12:36:21","date_gmt":"2025-02-06T11:36:21","guid":{"rendered":"https:\/\/radiojadranka.hr\/?p=12325"},"modified":"2025-02-21T15:04:58","modified_gmt":"2025-02-21T14:04:58","slug":"postavljeni-defibrilatori-na-ribarnici-i-u-sportskoj-dvorani","status":"publish","type":"post","link":"https:\/\/radiojadranka.hr\/index.php\/2025\/02\/06\/postavljeni-defibrilatori-na-ribarnici-i-u-sportskoj-dvorani\/","title":{"rendered":"Postavljeni defibrilatori na ribarnici i u sportskoj dvorani!"},"content":{"rendered":"<p>Na pro\u010delju gradske ribarnice postavljen je novi defibrilator! Moderniji je to ure\u0111aj od onoga \u0161to je ukraden s oglasnog stupa na glavnom gradskom trgu, te svako njegovo va\u0111enje iz za\u0161titne kutije informira de\u017eurne slu\u017ebe koje potom kre\u0107u u pomo\u0107 na terenu. Drugi defibrilator postavljen je u sportskoj dvorani Hrvoje Macanovi\u0107 na Bo\u010dacu! Prve postavljene ure\u0111aje na otoku donirala je ameri\u010dka udruga na\u0161ih iseljenika IMAS, dok je ova ju\u010der postavljena financira Grad Mali Lo\u0161inj. Mi smo u dogovorima za posebnu emisiju u kojoj bi i snimili i video demonstraciju kori\u0161tenja ovih ure\u0111aja, obzirom da <strong>svatko od nas pozvan je koristiti ure\u0111aj i pomo\u0107i unesre\u0107enom<\/strong>. U prvih minutu nakon sr\u010danog zastoja, izuzetno se pove\u0107ava mogu\u0107nost pre\u017eivljavanja pacjenta. Dobro bi bilo da se i na drugim mjestima na kojima se okuplja ve\u0107i broj ljudi posta ovakvi ure\u0111aji, od trgova\u010dkih centara pa sve do pla\u017enih objekata. Nadamo se da nikome ne\u0107e trebati, no za svaki slu\u010daj, dobro da su tu!<\/p>\n<div id='gallery-1' class='gallery galleryid-12325 gallery-columns-3 gallery-size-thumbnail'><figure class='gallery-item'>\n\t\t\t<div class='gallery-icon landscape'>\n\t\t\t\t<a href='https:\/\/radiojadranka.hr\/index.php\/2025\/02\/06\/postavljeni-defibrilatori-na-ribarnici-i-u-sportskoj-dvorani\/img20250206083209-1\/'><img decoding=\"async\" width=\"150\" height=\"150\" src=\"https:\/\/radiojadranka.hr\/wp-content\/uploads\/2025\/02\/IMG20250206083209-1-150x150.jpg\" class=\"attachment-thumbnail size-thumbnail\" alt=\"\" srcset=\"https:\/\/radiojadranka.hr\/wp-content\/uploads\/2025\/02\/IMG20250206083209-1-150x150.jpg 150w, https:\/\/radiojadranka.hr\/wp-content\/uploads\/2025\/02\/IMG20250206083209-1-100x100.jpg 100w, https:\/\/radiojadranka.hr\/wp-content\/uploads\/2025\/02\/IMG20250206083209-1-370x370.jpg 370w\" sizes=\"(max-width: 150px) 100vw, 150px\" \/><\/a>\n\t\t\t<\/div><\/figure><figure class='gallery-item'>\n\t\t\t<div class='gallery-icon portrait'>\n\t\t\t\t<a href='https:\/\/radiojadranka.hr\/index.php\/2025\/02\/06\/postavljeni-defibrilatori-na-ribarnici-i-u-sportskoj-dvorani\/img-20250205-wa0003\/'><img decoding=\"async\" width=\"150\" height=\"150\" src=\"https:\/\/radiojadranka.hr\/wp-content\/uploads\/2025\/02\/IMG-20250205-WA0003-150x150.jpg\" class=\"attachment-thumbnail size-thumbnail\" alt=\"\" srcset=\"https:\/\/radiojadranka.hr\/wp-content\/uploads\/2025\/02\/IMG-20250205-WA0003-150x150.jpg 150w, https:\/\/radiojadranka.hr\/wp-content\/uploads\/2025\/02\/IMG-20250205-WA0003-100x100.jpg 100w, https:\/\/radiojadranka.hr\/wp-content\/uploads\/2025\/02\/IMG-20250205-WA0003-370x370.jpg 370w\" sizes=\"(max-width: 150px) 100vw, 150px\" \/><\/a>\n\t\t\t<\/div><\/figure><figure class='gallery-item'>\n\t\t\t<div class='gallery-icon portrait'>\n\t\t\t\t<a href='https:\/\/radiojadranka.hr\/index.php\/2025\/02\/06\/postavljeni-defibrilatori-na-ribarnici-i-u-sportskoj-dvorani\/img-20250206-wa0003\/'><img decoding=\"async\" width=\"150\" height=\"150\" src=\"https:\/\/radiojadranka.hr\/wp-content\/uploads\/2025\/02\/IMG-20250206-WA0003-150x150.jpg\" class=\"attachment-thumbnail size-thumbnail\" alt=\"\" srcset=\"https:\/\/radiojadranka.hr\/wp-content\/uploads\/2025\/02\/IMG-20250206-WA0003-150x150.jpg 150w, https:\/\/radiojadranka.hr\/wp-content\/uploads\/2025\/02\/IMG-20250206-WA0003-100x100.jpg 100w, https:\/\/radiojadranka.hr\/wp-content\/uploads\/2025\/02\/IMG-20250206-WA0003-370x370.jpg 370w\" sizes=\"(max-width: 150px) 100vw, 150px\" \/><\/a>\n\t\t\t<\/div><\/figure><figure class='gallery-item'>\n\t\t\t<div class='gallery-icon portrait'>\n\t\t\t\t<a href='https:\/\/radiojadranka.hr\/index.php\/2025\/02\/06\/postavljeni-defibrilatori-na-ribarnici-i-u-sportskoj-dvorani\/img-20250206-wa0005\/'><img loading=\"lazy\" decoding=\"async\" width=\"150\" height=\"150\" src=\"https:\/\/radiojadranka.hr\/wp-content\/uploads\/2025\/02\/IMG-20250206-WA0005-150x150.jpg\" class=\"attachment-thumbnail size-thumbnail\" alt=\"\" srcset=\"https:\/\/radiojadranka.hr\/wp-content\/uploads\/2025\/02\/IMG-20250206-WA0005-150x150.jpg 150w, https:\/\/radiojadranka.hr\/wp-content\/uploads\/2025\/02\/IMG-20250206-WA0005-100x100.jpg 100w, https:\/\/radiojadranka.hr\/wp-content\/uploads\/2025\/02\/IMG-20250206-WA0005-370x370.jpg 370w\" sizes=\"(max-width: 150px) 100vw, 150px\" \/><\/a>\n\t\t\t<\/div><\/figure><figure class='gallery-item'>\n\t\t\t<div class='gallery-icon portrait'>\n\t\t\t\t<a href='https:\/\/radiojadranka.hr\/index.php\/2025\/02\/06\/postavljeni-defibrilatori-na-ribarnici-i-u-sportskoj-dvorani\/img-20250206-wa0004\/'><img loading=\"lazy\" decoding=\"async\" width=\"150\" height=\"150\" src=\"https:\/\/radiojadranka.hr\/wp-content\/uploads\/2025\/02\/IMG-20250206-WA0004-150x150.jpg\" class=\"attachment-thumbnail size-thumbnail\" alt=\"\" srcset=\"https:\/\/radiojadranka.hr\/wp-content\/uploads\/2025\/02\/IMG-20250206-WA0004-150x150.jpg 150w, https:\/\/radiojadranka.hr\/wp-content\/uploads\/2025\/02\/IMG-20250206-WA0004-100x100.jpg 100w, https:\/\/radiojadranka.hr\/wp-content\/uploads\/2025\/02\/IMG-20250206-WA0004-370x370.jpg 370w\" sizes=\"(max-width: 150px) 100vw, 150px\" \/><\/a>\n\t\t\t<\/div><\/figure>\n\t\t<\/div>\n\n<p>&nbsp;<\/p>\n<p><iframe title=\"Schiller Defibrillator FRED PA-1\" width=\"1170\" height=\"658\" src=\"https:\/\/www.youtube.com\/embed\/asM5nfdbmVg?start=2&#038;feature=oembed\" frameborder=\"0\" allow=\"accelerometer; autoplay; clipboard-write; encrypted-media; gyroscope; picture-in-picture; web-share\" referrerpolicy=\"strict-origin-when-cross-origin\" allowfullscreen><\/iframe><\/p>\n","protected":false},"excerpt":{"rendered":"<p>Na pro\u010delju gradske ribarnice postavljen je novi defibrilator! Moderniji je to ure\u0111aj od onoga \u0161to je ukraden s oglasnog stupa na glavnom gradskom trgu, te svako njegovo va\u0111enje iz za\u0161titne kutije informira de\u017eurne slu\u017ebe koje potom kre\u0107u u pomo\u0107 na terenu. Drugi defibrilator postavljen je u sportskoj dvorani Hrvoje Macanovi\u0107 ...<\/p>\n","protected":false},"author":2,"featured_media":12329,"comment_status":"closed","ping_status":"open","sticky":false,"template":"","format":"audio","meta":{"footnotes":""},"categories":[72],"tags":[],"class_list":["post-12325","post","type-post","status-publish","format-audio","has-post-thumbnail","hentry","category-vijesti","post_format-post-format-audio"],"aioseo_notices":[],"_links":{"self":[{"href":"https:\/\/radiojadranka.hr\/index.php\/wp-json\/wp\/v2\/posts\/12325","targetHints":{"allow":["GET"]}}],"collection":[{"href":"https:\/\/radiojadranka.hr\/index.php\/wp-json\/wp\/v2\/posts"}],"about":[{"href":"https:\/\/radiojadranka.hr\/index.php\/wp-json\/wp\/v2\/types\/post"}],"author":[{"embeddable":true,"href":"https:\/\/radiojadranka.hr\/index.php\/wp-json\/wp\/v2\/users\/2"}],"replies":[{"embeddable":true,"href":"https:\/\/radiojadranka.hr\/index.php\/wp-json\/wp\/v2\/comments?post=12325"}],"version-history":[{"count":2,"href":"https:\/\/radiojadranka.hr\/index.php\/wp-json\/wp\/v2\/posts\/12325\/revisions"}],"predecessor-version":[{"id":12371,"href":"https:\/\/radiojadranka.hr\/index.php\/wp-json\/wp\/v2\/posts\/12325\/revisions\/12371"}],"wp:featuredmedia":[{"embeddable":true,"href":"https:\/\/radiojadranka.hr\/index.php\/wp-json\/wp\/v2\/media\/12329"}],"wp:attachment":[{"href":"https:\/\/radiojadranka.hr\/index.php\/wp-json\/wp\/v2\/media?parent=12325"}],"wp:term":[{"taxonomy":"category","embeddable":true,"href":"https:\/\/radiojadranka.hr\/index.php\/wp-json\/wp\/v2\/categories?post=12325"},{"taxonomy":"post_tag","embeddable":true,"href":"https:\/\/radiojadranka.hr\/index.php\/wp-json\/wp\/v2\/tags?post=12325"}],"curies":[{"name":"wp","href":"https:\/\/api.w.org\/{rel}","templated":true}]}}