{"id":12142,"date":"2024-12-05T13:13:37","date_gmt":"2024-12-05T12:13:37","guid":{"rendered":"https:\/\/radiojadranka.hr\/?p=12142"},"modified":"2024-12-05T13:15:03","modified_gmt":"2024-12-05T12:15:03","slug":"veceras-cizmice-u-prozor-stize-sv-nikola","status":"publish","type":"post","link":"https:\/\/radiojadranka.hr\/index.php\/2024\/12\/05\/veceras-cizmice-u-prozor-stize-sv-nikola\/","title":{"rendered":"Ve\u010deras \u010dizmice u prozor, sti\u017ee Sv. Nikola!"},"content":{"rendered":"<p>&#8220;Opet \u0107e do\u0107i Nikola&#8221; sveti naziv je pjesme djece iz Malog i Velog Lo\u0161inja okupljenih oko filmske sekcije srednje \u0161kole pod vodstvom \u010dasne sestre Ru\u017eice Dodig. Spot je snimljen pred godinu dana, a na You tube kanalu srednje \u0161kole Ambroz Hara\u010di\u0107 pogledalo ga je gotovo pet tisu\u0107a ljudi!<\/p>\n<p>Ve\u010deras stavimo \u010dizmice u prozor, a sutra \u0107emo vidjeti da li \u0107e sveti Nikola do\u0107i sa naran\u010dom i \u010dokoladom ili s \u0161ibom!<\/p>\n<p><iframe title=\"Opet \u0107e do\u0107i Nikola Sveti - Djeca Malog i Velog Lo\u0161inja\" width=\"1170\" height=\"658\" src=\"https:\/\/www.youtube.com\/embed\/dJMGxvluUaI?feature=oembed\" frameborder=\"0\" allow=\"accelerometer; autoplay; clipboard-write; encrypted-media; gyroscope; picture-in-picture; web-share\" referrerpolicy=\"strict-origin-when-cross-origin\" allowfullscreen><\/iframe><\/p>\n<p>TEKST-SILVIO \u0160PANJI\u0106, ARAN\u017dMAN I GLAZBA-SILVIO \u0160PANJI\u0106, PJEVAJU-DJECA MALOG I VELOG LO\u0160INJA, SOLISTICE-LUCIJA BLA\u0160KO, PETRA BLAJI\u0106, ANIMACIJA DJECE- SESTRA KATARINA MIKI\u0106, SNIMALI-NIKA MAROS, ASTRID TRIFUNOVI\u0106, MARTINA \u0160KODA, KATARINA BEGI\u0106, DAMIAN SUTLI\u0106, EGON KAMALI\u0106, LUCIJA OPA\u010cI\u0106, IVANO KULJANI\u0106, MONTA\u017dA-MARTINA \u0160KODA, NIKA MAROS, SVJETLA ANTON SORI\u0106, ASTRID TRIFUNOVI\u0106, EGON KAMALI\u0106, MENTOR-RU\u017dICA DODIG,\u00a0 POSEBNE ZAHVALE-\u017dUPE MALOG I VELOG LO\u0160INJA, SREDNJA \u0160KOLA AMBROZA HARA\u010cI\u0106A, SESTRE SLU\u017dBENICE MILOSR\u0110A, OBITELJ KULJANI\u0106 &#8211;\u00a0 MALI LO\u0160INJ 2023<\/p>\n","protected":false},"excerpt":{"rendered":"<p>&#8220;Opet \u0107e do\u0107i Nikola&#8221; sveti naziv je pjesme djece iz Malog i Velog Lo\u0161inja okupljenih oko filmske sekcije srednje \u0161kole pod vodstvom \u010dasne sestre Ru\u017eice Dodig. Spot je snimljen pred godinu dana, a na You tube kanalu srednje \u0161kole Ambroz Hara\u010di\u0107 pogledalo ga je gotovo pet tisu\u0107a ljudi! Ve\u010deras stavimo ...<\/p>\n","protected":false},"author":2,"featured_media":12143,"comment_status":"closed","ping_status":"open","sticky":false,"template":"","format":"audio","meta":{"footnotes":""},"categories":[72],"tags":[],"class_list":["post-12142","post","type-post","status-publish","format-audio","has-post-thumbnail","hentry","category-vijesti","post_format-post-format-audio"],"aioseo_notices":[],"_links":{"self":[{"href":"https:\/\/radiojadranka.hr\/index.php\/wp-json\/wp\/v2\/posts\/12142","targetHints":{"allow":["GET"]}}],"collection":[{"href":"https:\/\/radiojadranka.hr\/index.php\/wp-json\/wp\/v2\/posts"}],"about":[{"href":"https:\/\/radiojadranka.hr\/index.php\/wp-json\/wp\/v2\/types\/post"}],"author":[{"embeddable":true,"href":"https:\/\/radiojadranka.hr\/index.php\/wp-json\/wp\/v2\/users\/2"}],"replies":[{"embeddable":true,"href":"https:\/\/radiojadranka.hr\/index.php\/wp-json\/wp\/v2\/comments?post=12142"}],"version-history":[{"count":3,"href":"https:\/\/radiojadranka.hr\/index.php\/wp-json\/wp\/v2\/posts\/12142\/revisions"}],"predecessor-version":[{"id":12146,"href":"https:\/\/radiojadranka.hr\/index.php\/wp-json\/wp\/v2\/posts\/12142\/revisions\/12146"}],"wp:featuredmedia":[{"embeddable":true,"href":"https:\/\/radiojadranka.hr\/index.php\/wp-json\/wp\/v2\/media\/12143"}],"wp:attachment":[{"href":"https:\/\/radiojadranka.hr\/index.php\/wp-json\/wp\/v2\/media?parent=12142"}],"wp:term":[{"taxonomy":"category","embeddable":true,"href":"https:\/\/radiojadranka.hr\/index.php\/wp-json\/wp\/v2\/categories?post=12142"},{"taxonomy":"post_tag","embeddable":true,"href":"https:\/\/radiojadranka.hr\/index.php\/wp-json\/wp\/v2\/tags?post=12142"}],"curies":[{"name":"wp","href":"https:\/\/api.w.org\/{rel}","templated":true}]}}