{"id":11974,"date":"2024-11-29T11:18:33","date_gmt":"2024-11-29T10:18:33","guid":{"rendered":"https:\/\/radiojadranka.hr\/?p=11974"},"modified":"2024-11-29T11:18:33","modified_gmt":"2024-11-29T10:18:33","slug":"sutra-svi-na-sarmijadu","status":"publish","type":"post","link":"https:\/\/radiojadranka.hr\/index.php\/2024\/11\/29\/sutra-svi-na-sarmijadu\/","title":{"rendered":"Sutra svi na &#8220;Sarmijadu&#8221;!"},"content":{"rendered":"<p>Udruga roditelja djece s te\u0161ko\u0107ama u razvoju &#8220;Ruka u ruci&#8221; za sutra priprema jedan zanimljiv doga\u0111aj \u2013 rije\u010d je o prvoj Sarmijadi. Provest \u0107e se pod sloganom &#8216;Meso u kupus obuci, na trg se dovuci i pridru\u017ei se udruzi Ruka u ruci. Sva prikupljena sredstva i\u0107i \u0107e za pomo\u0107 u radu Udruge i pomo\u0107 na\u0161em sugra\u0111aninu Toi\u0107 Antonu. Sarmijadi se mo\u017eete pridru\u017eiti u subotu 30.11.2024. od 11 sati, a o \u010demu se to\u010dno radi poslu\u0161ajte od predsjednice udruge Vedranom Maver.<\/p>\n<p><iframe title=\"301124 Sarmijada\" width=\"100%\" height=\"120\" src=\"https:\/\/www.mixcloud.com\/widget\/iframe\/?feed=https%3A%2F%2Fwww.mixcloud.com%2Fradio_jadranka%2F301124-sarmijada%2F&amp;hide_cover=1\" frameborder=\"0\"><\/iframe><\/p>\n<p><img fetchpriority=\"high\" decoding=\"async\" class=\"alignnone size-medium wp-image-11966\" src=\"https:\/\/radiojadranka.hr\/wp-content\/uploads\/2024\/11\/20241127113253-544x770.jpg\" alt=\"\" width=\"544\" height=\"770\" srcset=\"https:\/\/radiojadranka.hr\/wp-content\/uploads\/2024\/11\/20241127113253-544x770.jpg 544w, https:\/\/radiojadranka.hr\/wp-content\/uploads\/2024\/11\/20241127113253-827x1170.jpg 827w, https:\/\/radiojadranka.hr\/wp-content\/uploads\/2024\/11\/20241127113253-768x1086.jpg 768w, https:\/\/radiojadranka.hr\/wp-content\/uploads\/2024\/11\/20241127113253-1086x1536.jpg 1086w, https:\/\/radiojadranka.hr\/wp-content\/uploads\/2024\/11\/20241127113253-1448x2048.jpg 1448w, https:\/\/radiojadranka.hr\/wp-content\/uploads\/2024\/11\/20241127113253-scaled.jpg 1810w\" sizes=\"(max-width: 544px) 100vw, 544px\" \/><\/p>\n","protected":false},"excerpt":{"rendered":"<p>Udruga roditelja djece s te\u0161ko\u0107ama u razvoju &#8220;Ruka u ruci&#8221; za sutra priprema jedan zanimljiv doga\u0111aj \u2013 rije\u010d je o prvoj Sarmijadi. Provest \u0107e se pod sloganom &#8216;Meso u kupus obuci, na trg se dovuci i pridru\u017ei se udruzi Ruka u ruci. Sva prikupljena sredstva i\u0107i \u0107e za pomo\u0107 u ...<\/p>\n","protected":false},"author":2,"featured_media":11966,"comment_status":"closed","ping_status":"open","sticky":false,"template":"","format":"audio","meta":{"footnotes":""},"categories":[72],"tags":[],"class_list":["post-11974","post","type-post","status-publish","format-audio","has-post-thumbnail","hentry","category-vijesti","post_format-post-format-audio"],"aioseo_notices":[],"_links":{"self":[{"href":"https:\/\/radiojadranka.hr\/index.php\/wp-json\/wp\/v2\/posts\/11974","targetHints":{"allow":["GET"]}}],"collection":[{"href":"https:\/\/radiojadranka.hr\/index.php\/wp-json\/wp\/v2\/posts"}],"about":[{"href":"https:\/\/radiojadranka.hr\/index.php\/wp-json\/wp\/v2\/types\/post"}],"author":[{"embeddable":true,"href":"https:\/\/radiojadranka.hr\/index.php\/wp-json\/wp\/v2\/users\/2"}],"replies":[{"embeddable":true,"href":"https:\/\/radiojadranka.hr\/index.php\/wp-json\/wp\/v2\/comments?post=11974"}],"version-history":[{"count":1,"href":"https:\/\/radiojadranka.hr\/index.php\/wp-json\/wp\/v2\/posts\/11974\/revisions"}],"predecessor-version":[{"id":11984,"href":"https:\/\/radiojadranka.hr\/index.php\/wp-json\/wp\/v2\/posts\/11974\/revisions\/11984"}],"wp:featuredmedia":[{"embeddable":true,"href":"https:\/\/radiojadranka.hr\/index.php\/wp-json\/wp\/v2\/media\/11966"}],"wp:attachment":[{"href":"https:\/\/radiojadranka.hr\/index.php\/wp-json\/wp\/v2\/media?parent=11974"}],"wp:term":[{"taxonomy":"category","embeddable":true,"href":"https:\/\/radiojadranka.hr\/index.php\/wp-json\/wp\/v2\/categories?post=11974"},{"taxonomy":"post_tag","embeddable":true,"href":"https:\/\/radiojadranka.hr\/index.php\/wp-json\/wp\/v2\/tags?post=11974"}],"curies":[{"name":"wp","href":"https:\/\/api.w.org\/{rel}","templated":true}]}}