{"id":11891,"date":"2024-11-27T14:24:18","date_gmt":"2024-11-27T13:24:18","guid":{"rendered":"https:\/\/radiojadranka.hr\/?p=11891"},"modified":"2024-11-29T08:45:58","modified_gmt":"2024-11-29T07:45:58","slug":"kako-ce-izgledati-advent-na-losinju-2024-doznali-smo-u-danasnjoj-emisiji","status":"publish","type":"post","link":"https:\/\/radiojadranka.hr\/index.php\/2024\/11\/27\/kako-ce-izgledati-advent-na-losinju-2024-doznali-smo-u-danasnjoj-emisiji\/","title":{"rendered":"Kako \u0107e izgledati Advent na Lo\u0161inju 2024., doznali smo od Dalibora Cvitkovi\u0107a i Ane Ku\u010di\u0107!"},"content":{"rendered":"<p>Ukra\u0161avanje je po\u010delo, a s po\u010detkom idu\u0107eg tjedna postavit \u0107e se i nadstr\u0161nica iznad pozornice i ku\u0107ica na glavnom gradskom trgu! Program po\u010dinje dolaskom Svetog Nikole, a nakon euharistijskih slavlja, na trgu \u0107e nastupiti Jole! Lo\u0161injski advent prepoznat je kao velika humanitarna akcija za na\u0161e sugra\u0111ane u potrebi. Ove godine se prikuplju sredstva za Ivanu Vukovi\u0107, Vedrana Bo\u0161atli\u0107a i Antona Toi\u0107a. Bit \u0107e tu i prikupljanja sredstava za osnovnu i srednju \u0161kolu. Mi smo u programu ugostili Anu Ku\u010di\u0107 gradona\u010delnicu i Dalibora Cvitkovi\u0107a direktora turisti\u010dke zajednice, koji su nas upoznali s zanimljivim detaljima iz progama. Poslu\u0161ajte emisiju:<\/p>\n<p><iframe title=\"271124 Ana Ku\u010di\u0107 I Dalibor Cvitkovi\u0107\" width=\"100%\" height=\"120\" src=\"https:\/\/www.mixcloud.com\/widget\/iframe\/?feed=https%3A%2F%2Fwww.mixcloud.com%2Fradio_jadranka%2F271124-ana-ku%25C4%258Di%25C4%2587-i-dalibor-cvitkovi%25C4%2587%2F&amp;hide_cover=1\" frameborder=\"0\"><\/iframe><\/p>\n<p>&nbsp;<\/p>\n","protected":false},"excerpt":{"rendered":"<p>Ukra\u0161avanje je po\u010delo, a s po\u010detkom idu\u0107eg tjedna postavit \u0107e se i nadstr\u0161nica iznad pozornice i ku\u0107ica na glavnom gradskom trgu! Program po\u010dinje dolaskom Svetog Nikole, a nakon euharistijskih slavlja, na trgu \u0107e nastupiti Jole! Lo\u0161injski advent prepoznat je kao velika humanitarna akcija za na\u0161e sugra\u0111ane u potrebi. Ove godine ...<\/p>\n","protected":false},"author":2,"featured_media":11892,"comment_status":"closed","ping_status":"open","sticky":false,"template":"","format":"audio","meta":{"footnotes":""},"categories":[72],"tags":[],"class_list":["post-11891","post","type-post","status-publish","format-audio","has-post-thumbnail","hentry","category-vijesti","post_format-post-format-audio"],"aioseo_notices":[],"_links":{"self":[{"href":"https:\/\/radiojadranka.hr\/index.php\/wp-json\/wp\/v2\/posts\/11891","targetHints":{"allow":["GET"]}}],"collection":[{"href":"https:\/\/radiojadranka.hr\/index.php\/wp-json\/wp\/v2\/posts"}],"about":[{"href":"https:\/\/radiojadranka.hr\/index.php\/wp-json\/wp\/v2\/types\/post"}],"author":[{"embeddable":true,"href":"https:\/\/radiojadranka.hr\/index.php\/wp-json\/wp\/v2\/users\/2"}],"replies":[{"embeddable":true,"href":"https:\/\/radiojadranka.hr\/index.php\/wp-json\/wp\/v2\/comments?post=11891"}],"version-history":[{"count":4,"href":"https:\/\/radiojadranka.hr\/index.php\/wp-json\/wp\/v2\/posts\/11891\/revisions"}],"predecessor-version":[{"id":11920,"href":"https:\/\/radiojadranka.hr\/index.php\/wp-json\/wp\/v2\/posts\/11891\/revisions\/11920"}],"wp:featuredmedia":[{"embeddable":true,"href":"https:\/\/radiojadranka.hr\/index.php\/wp-json\/wp\/v2\/media\/11892"}],"wp:attachment":[{"href":"https:\/\/radiojadranka.hr\/index.php\/wp-json\/wp\/v2\/media?parent=11891"}],"wp:term":[{"taxonomy":"category","embeddable":true,"href":"https:\/\/radiojadranka.hr\/index.php\/wp-json\/wp\/v2\/categories?post=11891"},{"taxonomy":"post_tag","embeddable":true,"href":"https:\/\/radiojadranka.hr\/index.php\/wp-json\/wp\/v2\/tags?post=11891"}],"curies":[{"name":"wp","href":"https:\/\/api.w.org\/{rel}","templated":true}]}}