{"id":11810,"date":"2024-11-20T16:37:44","date_gmt":"2024-11-20T15:37:44","guid":{"rendered":"https:\/\/radiojadranka.hr\/?p=11810"},"modified":"2024-11-20T16:37:44","modified_gmt":"2024-11-20T15:37:44","slug":"jadranka-hofmann-primila-nagradu-za-zivotno-djelo","status":"publish","type":"post","link":"https:\/\/radiojadranka.hr\/index.php\/2024\/11\/20\/jadranka-hofmann-primila-nagradu-za-zivotno-djelo\/","title":{"rendered":"Jadranka Hofmann primila nagradu za \u017eivotno djelo!"},"content":{"rendered":"<p>&#8220;U povodu Svjetskog dana djece ministar rada, mirovinskoga sustava, obitelji i socijalne politike <strong>Marin Pileti\u0107\u00a0<\/strong>i predsjednica Odbora za obitelj, mlade i sport Hrvatskog sabora\u00a0<strong>Vesna Vu\u010demilovi\u0107\u00a0<\/strong>istaknutim pojedincima dodijelili su\u00a0<strong>nagrade za promicanje prava djeteta za 2024. godinu.<\/strong><\/p>\n<p>Ministar Pileti\u0107 istaknuo je kako je\u00a0<strong>odrastanje u zdravom i poticajnom okru\u017eenju klju\u010dno i najva\u017enije razdoblje za svako dijete<\/strong>\u00a0te da &#8220;upravo zbog toga nagra\u0111ujemo one koji su svojim radom i zalaganjem \u0161titili pravo djece na odrastanje u zdravom, poticajnom okru\u017eenju.&#8221;<\/p>\n<p><strong>Nagrada za \u017eivotno djelo\u00a0<\/strong>dodijeljena je\u00a0<strong>Jadranki Hofmann<\/strong> predsjednici Dru\u0161tva Na\u0161a djeca Mali Lo\u0161inj. Hofmann je volonterski sudjelovala u nizu aktivnosti Dru\u0161tva i projektima usmjerenim na humanitarno djelovanje i obrazovanje. Sudjelovala je u mnogobrojnim humanitarnim akcijama u Malom Lo\u0161inju poput opremanja Odjela dje\u010dje onkologije i Doma zdravlja, pred\u0161kolskih i osnovno \u0161kolskih ustanova u lokalnoj zajednici te nabavci tehni\u010dkih pomagala za djecu s te\u0161ko\u0107ama u razvoju.&#8221; prenosimo s stranica ministarstva.<\/p>\n<p>Foto:Ministarstvo rada, mirovinskog sustav, obitelji i socijalne politike<\/p>\n<div id='gallery-1' class='gallery galleryid-11810 gallery-columns-3 gallery-size-thumbnail'><figure class='gallery-item'>\n\t\t\t<div class='gallery-icon landscape'>\n\t\t\t\t<a href='https:\/\/radiojadranka.hr\/index.php\/2024\/11\/20\/jadranka-hofmann-primila-nagradu-za-zivotno-djelo\/attachment\/4074\/'><img decoding=\"async\" width=\"150\" height=\"150\" src=\"https:\/\/radiojadranka.hr\/wp-content\/uploads\/2024\/11\/4074-150x150.jpg\" class=\"attachment-thumbnail size-thumbnail\" alt=\"\" srcset=\"https:\/\/radiojadranka.hr\/wp-content\/uploads\/2024\/11\/4074-150x150.jpg 150w, https:\/\/radiojadranka.hr\/wp-content\/uploads\/2024\/11\/4074-100x100.jpg 100w, https:\/\/radiojadranka.hr\/wp-content\/uploads\/2024\/11\/4074-370x370.jpg 370w\" sizes=\"(max-width: 150px) 100vw, 150px\" \/><\/a>\n\t\t\t<\/div><\/figure><figure class='gallery-item'>\n\t\t\t<div class='gallery-icon landscape'>\n\t\t\t\t<a href='https:\/\/radiojadranka.hr\/index.php\/2024\/11\/20\/jadranka-hofmann-primila-nagradu-za-zivotno-djelo\/attachment\/4068\/'><img decoding=\"async\" width=\"150\" height=\"150\" src=\"https:\/\/radiojadranka.hr\/wp-content\/uploads\/2024\/11\/4068-150x150.jpg\" class=\"attachment-thumbnail size-thumbnail\" alt=\"\" srcset=\"https:\/\/radiojadranka.hr\/wp-content\/uploads\/2024\/11\/4068-150x150.jpg 150w, https:\/\/radiojadranka.hr\/wp-content\/uploads\/2024\/11\/4068-100x100.jpg 100w, https:\/\/radiojadranka.hr\/wp-content\/uploads\/2024\/11\/4068-370x370.jpg 370w\" sizes=\"(max-width: 150px) 100vw, 150px\" \/><\/a>\n\t\t\t<\/div><\/figure><figure class='gallery-item'>\n\t\t\t<div class='gallery-icon landscape'>\n\t\t\t\t<a href='https:\/\/radiojadranka.hr\/index.php\/2024\/11\/20\/jadranka-hofmann-primila-nagradu-za-zivotno-djelo\/4088-jpg\/'><img decoding=\"async\" width=\"150\" height=\"150\" src=\"https:\/\/radiojadranka.hr\/wp-content\/uploads\/2024\/11\/4088.jpg-150x150.jpg\" class=\"attachment-thumbnail size-thumbnail\" alt=\"\" srcset=\"https:\/\/radiojadranka.hr\/wp-content\/uploads\/2024\/11\/4088.jpg-150x150.jpg 150w, https:\/\/radiojadranka.hr\/wp-content\/uploads\/2024\/11\/4088.jpg-100x100.jpg 100w, https:\/\/radiojadranka.hr\/wp-content\/uploads\/2024\/11\/4088.jpg-370x370.jpg 370w\" sizes=\"(max-width: 150px) 100vw, 150px\" \/><\/a>\n\t\t\t<\/div><\/figure>\n\t\t<\/div>\n\n","protected":false},"excerpt":{"rendered":"<p>&#8220;U povodu Svjetskog dana djece ministar rada, mirovinskoga sustava, obitelji i socijalne politike Marin Pileti\u0107\u00a0i predsjednica Odbora za obitelj, mlade i sport Hrvatskog sabora\u00a0Vesna Vu\u010demilovi\u0107\u00a0istaknutim pojedincima dodijelili su\u00a0nagrade za promicanje prava djeteta za 2024. godinu. Ministar Pileti\u0107 istaknuo je kako je\u00a0odrastanje u zdravom i poticajnom okru\u017eenju klju\u010dno i najva\u017enije razdoblje ...<\/p>\n","protected":false},"author":2,"featured_media":11812,"comment_status":"closed","ping_status":"open","sticky":false,"template":"","format":"audio","meta":{"footnotes":""},"categories":[72],"tags":[],"class_list":["post-11810","post","type-post","status-publish","format-audio","has-post-thumbnail","hentry","category-vijesti","post_format-post-format-audio"],"aioseo_notices":[],"_links":{"self":[{"href":"https:\/\/radiojadranka.hr\/index.php\/wp-json\/wp\/v2\/posts\/11810","targetHints":{"allow":["GET"]}}],"collection":[{"href":"https:\/\/radiojadranka.hr\/index.php\/wp-json\/wp\/v2\/posts"}],"about":[{"href":"https:\/\/radiojadranka.hr\/index.php\/wp-json\/wp\/v2\/types\/post"}],"author":[{"embeddable":true,"href":"https:\/\/radiojadranka.hr\/index.php\/wp-json\/wp\/v2\/users\/2"}],"replies":[{"embeddable":true,"href":"https:\/\/radiojadranka.hr\/index.php\/wp-json\/wp\/v2\/comments?post=11810"}],"version-history":[{"count":1,"href":"https:\/\/radiojadranka.hr\/index.php\/wp-json\/wp\/v2\/posts\/11810\/revisions"}],"predecessor-version":[{"id":11814,"href":"https:\/\/radiojadranka.hr\/index.php\/wp-json\/wp\/v2\/posts\/11810\/revisions\/11814"}],"wp:featuredmedia":[{"embeddable":true,"href":"https:\/\/radiojadranka.hr\/index.php\/wp-json\/wp\/v2\/media\/11812"}],"wp:attachment":[{"href":"https:\/\/radiojadranka.hr\/index.php\/wp-json\/wp\/v2\/media?parent=11810"}],"wp:term":[{"taxonomy":"category","embeddable":true,"href":"https:\/\/radiojadranka.hr\/index.php\/wp-json\/wp\/v2\/categories?post=11810"},{"taxonomy":"post_tag","embeddable":true,"href":"https:\/\/radiojadranka.hr\/index.php\/wp-json\/wp\/v2\/tags?post=11810"}],"curies":[{"name":"wp","href":"https:\/\/api.w.org\/{rel}","templated":true}]}}