{"id":11749,"date":"2024-11-13T12:32:47","date_gmt":"2024-11-13T11:32:47","guid":{"rendered":"https:\/\/radiojadranka.hr\/?p=11749"},"modified":"2024-11-13T12:42:14","modified_gmt":"2024-11-13T11:42:14","slug":"sutra-je-svjetski-dan-dijabetesa-u-danasnjoj-emisiji-ana-begic-i-karla-jovanov-mjerenja-pocela-vec-jutros","status":"publish","type":"post","link":"https:\/\/radiojadranka.hr\/index.php\/2024\/11\/13\/sutra-je-svjetski-dan-dijabetesa-u-danasnjoj-emisiji-ana-begic-i-karla-jovanov-mjerenja-pocela-vec-jutros\/","title":{"rendered":"Sutra je Svjetski dan dijabetesa! U dana\u0161njoj emisiji Ana Begi\u0107 i Karla Jovanov, mjerenja po\u010dela ve\u0107 jutros!"},"content":{"rendered":"<p>\u201eUdruga dijabeti\u010dara Lo\u0161inj\u201c jutros je uo\u010di Svjetskog dana dijabetesa, u upravnoj zgradi Jadranke na Dra\u017eici mjerila \u0161e\u0107er i krvni tlak zaposlenima. Na mjerenje se odazvalo pedeset djelatnika, a kod njih desetak uo\u010den je ozbiljno visoki krvni tlak te kod dvoje izrazito povi\u0161en \u0161e\u0107er u krvi.<\/p>\n<div id='gallery-1' class='gallery galleryid-11749 gallery-columns-3 gallery-size-thumbnail'><figure class='gallery-item'>\n\t\t\t<div class='gallery-icon landscape'>\n\t\t\t\t<a href='https:\/\/radiojadranka.hr\/index.php\/2024\/11\/13\/sutra-je-svjetski-dan-dijabetesa-u-danasnjoj-emisiji-ana-begic-i-karla-jovanov-mjerenja-pocela-vec-jutros\/img-20241113-wa0011\/'><img decoding=\"async\" width=\"150\" height=\"150\" src=\"https:\/\/radiojadranka.hr\/wp-content\/uploads\/2024\/11\/IMG-20241113-WA0011-150x150.jpg\" class=\"attachment-thumbnail size-thumbnail\" alt=\"\" srcset=\"https:\/\/radiojadranka.hr\/wp-content\/uploads\/2024\/11\/IMG-20241113-WA0011-150x150.jpg 150w, https:\/\/radiojadranka.hr\/wp-content\/uploads\/2024\/11\/IMG-20241113-WA0011-100x100.jpg 100w, https:\/\/radiojadranka.hr\/wp-content\/uploads\/2024\/11\/IMG-20241113-WA0011-370x370.jpg 370w\" sizes=\"(max-width: 150px) 100vw, 150px\" \/><\/a>\n\t\t\t<\/div><\/figure><figure class='gallery-item'>\n\t\t\t<div class='gallery-icon portrait'>\n\t\t\t\t<a href='https:\/\/radiojadranka.hr\/index.php\/2024\/11\/13\/sutra-je-svjetski-dan-dijabetesa-u-danasnjoj-emisiji-ana-begic-i-karla-jovanov-mjerenja-pocela-vec-jutros\/img-20241113-wa0015\/'><img decoding=\"async\" width=\"150\" height=\"150\" src=\"https:\/\/radiojadranka.hr\/wp-content\/uploads\/2024\/11\/IMG-20241113-WA0015-150x150.jpg\" class=\"attachment-thumbnail size-thumbnail\" alt=\"\" srcset=\"https:\/\/radiojadranka.hr\/wp-content\/uploads\/2024\/11\/IMG-20241113-WA0015-150x150.jpg 150w, https:\/\/radiojadranka.hr\/wp-content\/uploads\/2024\/11\/IMG-20241113-WA0015-100x100.jpg 100w, https:\/\/radiojadranka.hr\/wp-content\/uploads\/2024\/11\/IMG-20241113-WA0015-370x370.jpg 370w\" sizes=\"(max-width: 150px) 100vw, 150px\" \/><\/a>\n\t\t\t<\/div><\/figure><figure class='gallery-item'>\n\t\t\t<div class='gallery-icon landscape'>\n\t\t\t\t<a href='https:\/\/radiojadranka.hr\/index.php\/2024\/11\/13\/sutra-je-svjetski-dan-dijabetesa-u-danasnjoj-emisiji-ana-begic-i-karla-jovanov-mjerenja-pocela-vec-jutros\/img-20241113-wa0008\/'><img decoding=\"async\" width=\"150\" height=\"150\" src=\"https:\/\/radiojadranka.hr\/wp-content\/uploads\/2024\/11\/IMG-20241113-WA0008-150x150.jpg\" class=\"attachment-thumbnail size-thumbnail\" alt=\"\" srcset=\"https:\/\/radiojadranka.hr\/wp-content\/uploads\/2024\/11\/IMG-20241113-WA0008-150x150.jpg 150w, https:\/\/radiojadranka.hr\/wp-content\/uploads\/2024\/11\/IMG-20241113-WA0008-100x100.jpg 100w, https:\/\/radiojadranka.hr\/wp-content\/uploads\/2024\/11\/IMG-20241113-WA0008-370x370.jpg 370w\" sizes=\"(max-width: 150px) 100vw, 150px\" \/><\/a>\n\t\t\t<\/div><\/figure><figure class='gallery-item'>\n\t\t\t<div class='gallery-icon landscape'>\n\t\t\t\t<a href='https:\/\/radiojadranka.hr\/index.php\/2024\/11\/13\/sutra-je-svjetski-dan-dijabetesa-u-danasnjoj-emisiji-ana-begic-i-karla-jovanov-mjerenja-pocela-vec-jutros\/img-20241113-wa0005\/'><img loading=\"lazy\" decoding=\"async\" width=\"150\" height=\"150\" src=\"https:\/\/radiojadranka.hr\/wp-content\/uploads\/2024\/11\/IMG-20241113-WA0005-150x150.jpg\" class=\"attachment-thumbnail size-thumbnail\" alt=\"\" srcset=\"https:\/\/radiojadranka.hr\/wp-content\/uploads\/2024\/11\/IMG-20241113-WA0005-150x150.jpg 150w, https:\/\/radiojadranka.hr\/wp-content\/uploads\/2024\/11\/IMG-20241113-WA0005-100x100.jpg 100w, https:\/\/radiojadranka.hr\/wp-content\/uploads\/2024\/11\/IMG-20241113-WA0005-370x370.jpg 370w\" sizes=\"(max-width: 150px) 100vw, 150px\" \/><\/a>\n\t\t\t<\/div><\/figure><figure class='gallery-item'>\n\t\t\t<div class='gallery-icon landscape'>\n\t\t\t\t<a href='https:\/\/radiojadranka.hr\/index.php\/2024\/11\/13\/sutra-je-svjetski-dan-dijabetesa-u-danasnjoj-emisiji-ana-begic-i-karla-jovanov-mjerenja-pocela-vec-jutros\/img-20241113-wa0007\/'><img loading=\"lazy\" decoding=\"async\" width=\"150\" height=\"150\" src=\"https:\/\/radiojadranka.hr\/wp-content\/uploads\/2024\/11\/IMG-20241113-WA0007-150x150.jpg\" class=\"attachment-thumbnail size-thumbnail\" alt=\"\" srcset=\"https:\/\/radiojadranka.hr\/wp-content\/uploads\/2024\/11\/IMG-20241113-WA0007-150x150.jpg 150w, https:\/\/radiojadranka.hr\/wp-content\/uploads\/2024\/11\/IMG-20241113-WA0007-100x100.jpg 100w, https:\/\/radiojadranka.hr\/wp-content\/uploads\/2024\/11\/IMG-20241113-WA0007-370x370.jpg 370w\" sizes=\"(max-width: 150px) 100vw, 150px\" \/><\/a>\n\t\t\t<\/div><\/figure><figure class='gallery-item'>\n\t\t\t<div class='gallery-icon landscape'>\n\t\t\t\t<a href='https:\/\/radiojadranka.hr\/index.php\/2024\/11\/13\/sutra-je-svjetski-dan-dijabetesa-u-danasnjoj-emisiji-ana-begic-i-karla-jovanov-mjerenja-pocela-vec-jutros\/img-20241113-wa0012\/'><img loading=\"lazy\" decoding=\"async\" width=\"150\" height=\"150\" src=\"https:\/\/radiojadranka.hr\/wp-content\/uploads\/2024\/11\/IMG-20241113-WA0012-150x150.jpg\" class=\"attachment-thumbnail size-thumbnail\" alt=\"\" srcset=\"https:\/\/radiojadranka.hr\/wp-content\/uploads\/2024\/11\/IMG-20241113-WA0012-150x150.jpg 150w, https:\/\/radiojadranka.hr\/wp-content\/uploads\/2024\/11\/IMG-20241113-WA0012-100x100.jpg 100w, https:\/\/radiojadranka.hr\/wp-content\/uploads\/2024\/11\/IMG-20241113-WA0012-370x370.jpg 370w\" sizes=\"(max-width: 150px) 100vw, 150px\" \/><\/a>\n\t\t\t<\/div><\/figure>\n\t\t<\/div>\n\n<p>A sutra udruga organizira edukativno preventivne aktivnosti. Od 10 do 12 na glavnom gradskom trgu u Malom Lo\u0161inju odr\u017eat \u0107e se besplatno mjerenje \u0161e\u0107era u krvi i tromjese\u010dnog prosjeka \u0161e\u0107era u krvi. U to vrijeme mi \u0107emo emitirati na\u0161 program s trga i razgovarati s brojnim sudionicima. U isto vrijeme, od 10 do 12, u maloj sali Gradske knji\u017enice i \u010ditaonice\u00a0 specijalist &#8211; okulist iz klinike za \u0161e\u0107ernu bolest Vuk Vrhovec vr\u0161it \u0107e pregled o\u010dne pozadine\u00a0 \u010dlanovima udruge dijabeti\u010dara. Pru\u017ea vam se mogu\u0107nost u\u010dlanjenja u udrugu u iznosu od 10 eura, a samim time i pregled!<\/p>\n<p>Poslijepodne, fizi\u010dka aktivnost \u201eSlatki trk\u201c tr\u010danje i hodanje do Velopina i natrag. Po\u010detak Slatkog trka je u 16 na trgu. Od 17 sati dru\u017eenje i podjela zahvalnica u prostorima ispod Gradske knji\u017enice u Malom Lo\u0161inju.\u00a0 Obzirom da cijeli svijet Dan dijabetesa obilje\u017eava u plavoj boji, dress code za sutra\u0161nja doga\u0111anja je plava majca!.<\/p>\n<p><strong>Danas smo u na\u0161em programu ugostili Anu Begi\u0107 i Karlu Jovanov, \u010dlanice udruge dijabeti\u010dara! poslu\u0161ajte emisiju<\/strong>:<\/p>\n<p><iframe title=\"131124 Karla I Ana\" width=\"100%\" height=\"120\" src=\"https:\/\/www.mixcloud.com\/widget\/iframe\/?feed=https%3A%2F%2Fwww.mixcloud.com%2Fradio_jadranka%2F131124-karla-i-ana%2F&amp;hide_cover=1\" frameborder=\"0\"><\/iframe><\/p>\n<p><img loading=\"lazy\" decoding=\"async\" class=\"alignnone size-medium wp-image-11756\" src=\"https:\/\/radiojadranka.hr\/wp-content\/uploads\/2024\/11\/ana-i-karla-626x770.jpg\" alt=\"\" width=\"626\" height=\"770\" srcset=\"https:\/\/radiojadranka.hr\/wp-content\/uploads\/2024\/11\/ana-i-karla-626x770.jpg 626w, https:\/\/radiojadranka.hr\/wp-content\/uploads\/2024\/11\/ana-i-karla-951x1170.jpg 951w, https:\/\/radiojadranka.hr\/wp-content\/uploads\/2024\/11\/ana-i-karla-768x944.jpg 768w, https:\/\/radiojadranka.hr\/wp-content\/uploads\/2024\/11\/ana-i-karla-1249x1536.jpg 1249w, https:\/\/radiojadranka.hr\/wp-content\/uploads\/2024\/11\/ana-i-karla-1666x2048.jpg 1666w\" sizes=\"(max-width: 626px) 100vw, 626px\" \/><\/p>\n<p>&nbsp;<\/p>\n","protected":false},"excerpt":{"rendered":"<p>\u201eUdruga dijabeti\u010dara Lo\u0161inj\u201c jutros je uo\u010di Svjetskog dana dijabetesa, u upravnoj zgradi Jadranke na Dra\u017eici mjerila \u0161e\u0107er i krvni tlak zaposlenima. Na mjerenje se odazvalo pedeset djelatnika, a kod njih desetak uo\u010den je ozbiljno visoki krvni tlak te kod dvoje izrazito povi\u0161en \u0161e\u0107er u krvi. A sutra udruga organizira edukativno ...<\/p>\n","protected":false},"author":2,"featured_media":11756,"comment_status":"closed","ping_status":"open","sticky":false,"template":"","format":"audio","meta":{"footnotes":""},"categories":[72],"tags":[],"class_list":["post-11749","post","type-post","status-publish","format-audio","has-post-thumbnail","hentry","category-vijesti","post_format-post-format-audio"],"aioseo_notices":[],"_links":{"self":[{"href":"https:\/\/radiojadranka.hr\/index.php\/wp-json\/wp\/v2\/posts\/11749","targetHints":{"allow":["GET"]}}],"collection":[{"href":"https:\/\/radiojadranka.hr\/index.php\/wp-json\/wp\/v2\/posts"}],"about":[{"href":"https:\/\/radiojadranka.hr\/index.php\/wp-json\/wp\/v2\/types\/post"}],"author":[{"embeddable":true,"href":"https:\/\/radiojadranka.hr\/index.php\/wp-json\/wp\/v2\/users\/2"}],"replies":[{"embeddable":true,"href":"https:\/\/radiojadranka.hr\/index.php\/wp-json\/wp\/v2\/comments?post=11749"}],"version-history":[{"count":5,"href":"https:\/\/radiojadranka.hr\/index.php\/wp-json\/wp\/v2\/posts\/11749\/revisions"}],"predecessor-version":[{"id":11763,"href":"https:\/\/radiojadranka.hr\/index.php\/wp-json\/wp\/v2\/posts\/11749\/revisions\/11763"}],"wp:featuredmedia":[{"embeddable":true,"href":"https:\/\/radiojadranka.hr\/index.php\/wp-json\/wp\/v2\/media\/11756"}],"wp:attachment":[{"href":"https:\/\/radiojadranka.hr\/index.php\/wp-json\/wp\/v2\/media?parent=11749"}],"wp:term":[{"taxonomy":"category","embeddable":true,"href":"https:\/\/radiojadranka.hr\/index.php\/wp-json\/wp\/v2\/categories?post=11749"},{"taxonomy":"post_tag","embeddable":true,"href":"https:\/\/radiojadranka.hr\/index.php\/wp-json\/wp\/v2\/tags?post=11749"}],"curies":[{"name":"wp","href":"https:\/\/api.w.org\/{rel}","templated":true}]}}