{"id":11734,"date":"2024-11-12T15:02:24","date_gmt":"2024-11-12T14:02:24","guid":{"rendered":"https:\/\/radiojadranka.hr\/?p=11734"},"modified":"2024-11-13T09:16:33","modified_gmt":"2024-11-13T08:16:33","slug":"pocela-izgradnja-ceste-mali-losinj-veli-losinj","status":"publish","type":"post","link":"https:\/\/radiojadranka.hr\/index.php\/2024\/11\/12\/pocela-izgradnja-ceste-mali-losinj-veli-losinj\/","title":{"rendered":"Po\u010dela izgradnja ceste Mali Lo\u0161inj &#8211; Veli Lo\u0161inj!"},"content":{"rendered":"<p>Odr\u017eano je uvo\u0111enje u posao GP Miki\u0107 iz Omi\u0161lja, izvo\u0111a\u010da radova na 7,3 milijuna eura vrijednom projektu rekonstrukcije dr\u017eavne ceste DC100 na dionici Mali Lo\u0161inj &#8211; Veli Lo\u0161inj (faza I i II). Poslu\u0161ajte prilog i izjave!<\/p>\n<p><iframe title=\"121124 Cesta\" width=\"100%\" height=\"120\" src=\"https:\/\/www.mixcloud.com\/widget\/iframe\/?feed=https%3A%2F%2Fwww.mixcloud.com%2Fradio_jadranka%2F121124-cesta%2F&amp;hide_cover=1\" frameborder=\"0\"><\/iframe><\/p>\n<div id='gallery-1' class='gallery galleryid-11734 gallery-columns-3 gallery-size-thumbnail'><figure class='gallery-item'>\n\t\t\t<div class='gallery-icon landscape'>\n\t\t\t\t<a href='https:\/\/radiojadranka.hr\/index.php\/2024\/11\/12\/pocela-izgradnja-ceste-mali-losinj-veli-losinj\/img20241112100303\/'><img decoding=\"async\" width=\"150\" height=\"150\" src=\"https:\/\/radiojadranka.hr\/wp-content\/uploads\/2024\/11\/IMG20241112100303-150x150.jpg\" class=\"attachment-thumbnail size-thumbnail\" alt=\"\" srcset=\"https:\/\/radiojadranka.hr\/wp-content\/uploads\/2024\/11\/IMG20241112100303-150x150.jpg 150w, https:\/\/radiojadranka.hr\/wp-content\/uploads\/2024\/11\/IMG20241112100303-100x100.jpg 100w, https:\/\/radiojadranka.hr\/wp-content\/uploads\/2024\/11\/IMG20241112100303-370x370.jpg 370w\" sizes=\"(max-width: 150px) 100vw, 150px\" \/><\/a>\n\t\t\t<\/div><\/figure><figure class='gallery-item'>\n\t\t\t<div class='gallery-icon landscape'>\n\t\t\t\t<a href='https:\/\/radiojadranka.hr\/index.php\/2024\/11\/12\/pocela-izgradnja-ceste-mali-losinj-veli-losinj\/oplus_0-5\/'><img decoding=\"async\" width=\"150\" height=\"150\" src=\"https:\/\/radiojadranka.hr\/wp-content\/uploads\/2024\/11\/IMG20241112100944-150x150.jpg\" class=\"attachment-thumbnail size-thumbnail\" alt=\"\" aria-describedby=\"gallery-1-11736\" srcset=\"https:\/\/radiojadranka.hr\/wp-content\/uploads\/2024\/11\/IMG20241112100944-150x150.jpg 150w, https:\/\/radiojadranka.hr\/wp-content\/uploads\/2024\/11\/IMG20241112100944-100x100.jpg 100w, https:\/\/radiojadranka.hr\/wp-content\/uploads\/2024\/11\/IMG20241112100944-370x370.jpg 370w\" sizes=\"(max-width: 150px) 100vw, 150px\" \/><\/a>\n\t\t\t<\/div>\n\t\t\t\t<figcaption class='wp-caption-text gallery-caption' id='gallery-1-11736'>\n\t\t\t\toplus_0\n\t\t\t\t<\/figcaption><\/figure><figure class='gallery-item'>\n\t\t\t<div class='gallery-icon landscape'>\n\t\t\t\t<a href='https:\/\/radiojadranka.hr\/index.php\/2024\/11\/12\/pocela-izgradnja-ceste-mali-losinj-veli-losinj\/oplus_2097152-5\/'><img decoding=\"async\" width=\"150\" height=\"150\" src=\"https:\/\/radiojadranka.hr\/wp-content\/uploads\/2024\/11\/IMG20241112100142-150x150.jpg\" class=\"attachment-thumbnail size-thumbnail\" alt=\"\" aria-describedby=\"gallery-1-11737\" srcset=\"https:\/\/radiojadranka.hr\/wp-content\/uploads\/2024\/11\/IMG20241112100142-150x150.jpg 150w, https:\/\/radiojadranka.hr\/wp-content\/uploads\/2024\/11\/IMG20241112100142-100x100.jpg 100w, https:\/\/radiojadranka.hr\/wp-content\/uploads\/2024\/11\/IMG20241112100142-370x370.jpg 370w\" sizes=\"(max-width: 150px) 100vw, 150px\" \/><\/a>\n\t\t\t<\/div>\n\t\t\t\t<figcaption class='wp-caption-text gallery-caption' id='gallery-1-11737'>\n\t\t\t\toplus_2097152\n\t\t\t\t<\/figcaption><\/figure><figure class='gallery-item'>\n\t\t\t<div class='gallery-icon landscape'>\n\t\t\t\t<a href='https:\/\/radiojadranka.hr\/index.php\/2024\/11\/12\/pocela-izgradnja-ceste-mali-losinj-veli-losinj\/img20241112100149\/'><img loading=\"lazy\" decoding=\"async\" width=\"150\" height=\"150\" src=\"https:\/\/radiojadranka.hr\/wp-content\/uploads\/2024\/11\/IMG20241112100149-150x150.jpg\" class=\"attachment-thumbnail size-thumbnail\" alt=\"\" srcset=\"https:\/\/radiojadranka.hr\/wp-content\/uploads\/2024\/11\/IMG20241112100149-150x150.jpg 150w, https:\/\/radiojadranka.hr\/wp-content\/uploads\/2024\/11\/IMG20241112100149-100x100.jpg 100w, https:\/\/radiojadranka.hr\/wp-content\/uploads\/2024\/11\/IMG20241112100149-370x370.jpg 370w\" sizes=\"(max-width: 150px) 100vw, 150px\" \/><\/a>\n\t\t\t<\/div><\/figure><figure class='gallery-item'>\n\t\t\t<div class='gallery-icon landscape'>\n\t\t\t\t<a href='https:\/\/radiojadranka.hr\/index.php\/2024\/11\/12\/pocela-izgradnja-ceste-mali-losinj-veli-losinj\/oplus_2097152-6\/'><img loading=\"lazy\" decoding=\"async\" width=\"150\" height=\"150\" src=\"https:\/\/radiojadranka.hr\/wp-content\/uploads\/2024\/11\/IMG20241112100656-150x150.jpg\" class=\"attachment-thumbnail size-thumbnail\" alt=\"\" aria-describedby=\"gallery-1-11738\" srcset=\"https:\/\/radiojadranka.hr\/wp-content\/uploads\/2024\/11\/IMG20241112100656-150x150.jpg 150w, https:\/\/radiojadranka.hr\/wp-content\/uploads\/2024\/11\/IMG20241112100656-100x100.jpg 100w, https:\/\/radiojadranka.hr\/wp-content\/uploads\/2024\/11\/IMG20241112100656-370x370.jpg 370w\" sizes=\"(max-width: 150px) 100vw, 150px\" \/><\/a>\n\t\t\t<\/div>\n\t\t\t\t<figcaption class='wp-caption-text gallery-caption' id='gallery-1-11738'>\n\t\t\t\toplus_2097152\n\t\t\t\t<\/figcaption><\/figure>\n\t\t<\/div>\n\n","protected":false},"excerpt":{"rendered":"<p>Odr\u017eano je uvo\u0111enje u posao GP Miki\u0107 iz Omi\u0161lja, izvo\u0111a\u010da radova na 7,3 milijuna eura vrijednom projektu rekonstrukcije dr\u017eavne ceste DC100 na dionici Mali Lo\u0161inj &#8211; Veli Lo\u0161inj (faza I i II). Poslu\u0161ajte prilog i izjave!<\/p>\n","protected":false},"author":2,"featured_media":11738,"comment_status":"closed","ping_status":"open","sticky":false,"template":"","format":"audio","meta":{"footnotes":""},"categories":[72],"tags":[],"class_list":["post-11734","post","type-post","status-publish","format-audio","has-post-thumbnail","hentry","category-vijesti","post_format-post-format-audio"],"aioseo_notices":[],"_links":{"self":[{"href":"https:\/\/radiojadranka.hr\/index.php\/wp-json\/wp\/v2\/posts\/11734","targetHints":{"allow":["GET"]}}],"collection":[{"href":"https:\/\/radiojadranka.hr\/index.php\/wp-json\/wp\/v2\/posts"}],"about":[{"href":"https:\/\/radiojadranka.hr\/index.php\/wp-json\/wp\/v2\/types\/post"}],"author":[{"embeddable":true,"href":"https:\/\/radiojadranka.hr\/index.php\/wp-json\/wp\/v2\/users\/2"}],"replies":[{"embeddable":true,"href":"https:\/\/radiojadranka.hr\/index.php\/wp-json\/wp\/v2\/comments?post=11734"}],"version-history":[{"count":1,"href":"https:\/\/radiojadranka.hr\/index.php\/wp-json\/wp\/v2\/posts\/11734\/revisions"}],"predecessor-version":[{"id":11740,"href":"https:\/\/radiojadranka.hr\/index.php\/wp-json\/wp\/v2\/posts\/11734\/revisions\/11740"}],"wp:featuredmedia":[{"embeddable":true,"href":"https:\/\/radiojadranka.hr\/index.php\/wp-json\/wp\/v2\/media\/11738"}],"wp:attachment":[{"href":"https:\/\/radiojadranka.hr\/index.php\/wp-json\/wp\/v2\/media?parent=11734"}],"wp:term":[{"taxonomy":"category","embeddable":true,"href":"https:\/\/radiojadranka.hr\/index.php\/wp-json\/wp\/v2\/categories?post=11734"},{"taxonomy":"post_tag","embeddable":true,"href":"https:\/\/radiojadranka.hr\/index.php\/wp-json\/wp\/v2\/tags?post=11734"}],"curies":[{"name":"wp","href":"https:\/\/api.w.org\/{rel}","templated":true}]}}