{"id":11731,"date":"2024-11-11T14:44:48","date_gmt":"2024-11-11T13:44:48","guid":{"rendered":"https:\/\/radiojadranka.hr\/?p=11731"},"modified":"2024-11-11T14:50:26","modified_gmt":"2024-11-11T13:50:26","slug":"sretan-dan-grada-malog-losinja","status":"publish","type":"post","link":"https:\/\/radiojadranka.hr\/index.php\/2024\/11\/11\/sretan-dan-grada-malog-losinja\/","title":{"rendered":"Sretan Dan grada Malog Lo\u0161inja!"},"content":{"rendered":"<p>Danas katoli\u010dka crkva slavi blagdan svetog Martina. Svetac je to koji je polovicu svog pla\u0161ta dao siroma\u0161nima. Iako rimski vojnik, vjera ga je dovela do svetosti. Njega su gra\u0111ani Malog Lo\u0161inja izabrali za svog nebeskog za\u0161titnika. U povodu Dana grada, mi smo ugostili gradona\u010delnicu Anu Ku\u010di\u0107, a koja nas je upoznala s nekim aktualnim aktivnostima u na\u0161em gradu. \u010cestitala je slu\u0161ateljima, na\u0161m sugra\u0111anim Dan grada!<\/p>\n<p><iframe title=\"111124 Ana Kucic\" width=\"100%\" height=\"120\" src=\"https:\/\/www.mixcloud.com\/widget\/iframe\/?feed=https%3A%2F%2Fwww.mixcloud.com%2Fradio_jadranka%2F111124-ana-kucic%2F&amp;hide_cover=1\" frameborder=\"0\"><\/iframe><\/p>\n<p><img fetchpriority=\"high\" decoding=\"async\" class=\"alignnone size-full wp-image-11536\" src=\"https:\/\/radiojadranka.hr\/wp-content\/uploads\/2024\/10\/grad-zrak_DJI_0005res-735x387-1.jpg\" alt=\"\" width=\"735\" height=\"387\" \/><\/p>\n","protected":false},"excerpt":{"rendered":"<p>Danas katoli\u010dka crkva slavi blagdan svetog Martina. Svetac je to koji je polovicu svog pla\u0161ta dao siroma\u0161nima. Iako rimski vojnik, vjera ga je dovela do svetosti. Njega su gra\u0111ani Malog Lo\u0161inja izabrali za svog nebeskog za\u0161titnika. U povodu Dana grada, mi smo ugostili gradona\u010delnicu Anu Ku\u010di\u0107, a koja nas je ...<\/p>\n","protected":false},"author":2,"featured_media":11538,"comment_status":"closed","ping_status":"open","sticky":false,"template":"","format":"audio","meta":{"footnotes":""},"categories":[72],"tags":[],"class_list":["post-11731","post","type-post","status-publish","format-audio","has-post-thumbnail","hentry","category-vijesti","post_format-post-format-audio"],"aioseo_notices":[],"_links":{"self":[{"href":"https:\/\/radiojadranka.hr\/index.php\/wp-json\/wp\/v2\/posts\/11731","targetHints":{"allow":["GET"]}}],"collection":[{"href":"https:\/\/radiojadranka.hr\/index.php\/wp-json\/wp\/v2\/posts"}],"about":[{"href":"https:\/\/radiojadranka.hr\/index.php\/wp-json\/wp\/v2\/types\/post"}],"author":[{"embeddable":true,"href":"https:\/\/radiojadranka.hr\/index.php\/wp-json\/wp\/v2\/users\/2"}],"replies":[{"embeddable":true,"href":"https:\/\/radiojadranka.hr\/index.php\/wp-json\/wp\/v2\/comments?post=11731"}],"version-history":[{"count":1,"href":"https:\/\/radiojadranka.hr\/index.php\/wp-json\/wp\/v2\/posts\/11731\/revisions"}],"predecessor-version":[{"id":11732,"href":"https:\/\/radiojadranka.hr\/index.php\/wp-json\/wp\/v2\/posts\/11731\/revisions\/11732"}],"wp:featuredmedia":[{"embeddable":true,"href":"https:\/\/radiojadranka.hr\/index.php\/wp-json\/wp\/v2\/media\/11538"}],"wp:attachment":[{"href":"https:\/\/radiojadranka.hr\/index.php\/wp-json\/wp\/v2\/media?parent=11731"}],"wp:term":[{"taxonomy":"category","embeddable":true,"href":"https:\/\/radiojadranka.hr\/index.php\/wp-json\/wp\/v2\/categories?post=11731"},{"taxonomy":"post_tag","embeddable":true,"href":"https:\/\/radiojadranka.hr\/index.php\/wp-json\/wp\/v2\/tags?post=11731"}],"curies":[{"name":"wp","href":"https:\/\/api.w.org\/{rel}","templated":true}]}}