{"id":11713,"date":"2024-11-08T12:16:49","date_gmt":"2024-11-08T11:16:49","guid":{"rendered":"https:\/\/radiojadranka.hr\/?p=11713"},"modified":"2024-11-08T12:17:18","modified_gmt":"2024-11-08T11:17:18","slug":"pocinje-obiljezavanje-dana-grada-vrijeme-je-za-feste-veceras-u-svetom-martinu-a-sutra-i-u-ustrinama","status":"publish","type":"post","link":"https:\/\/radiojadranka.hr\/index.php\/2024\/11\/08\/pocinje-obiljezavanje-dana-grada-vrijeme-je-za-feste-veceras-u-svetom-martinu-a-sutra-i-u-ustrinama\/","title":{"rendered":"Po\u010dinje obilje\u017eavanje Dana grada! Vrijeme je za fe\u0161te! Ve\u010deras u Svetom Martinu, a sutra i u Ustrinama!"},"content":{"rendered":"<p>Danas u 16h zapo\u010dinje fe\u0161ta u uvali sveti Martin, a povodom predstoje\u0107eg Dana Grada Malog Lo\u0161inja. Fe\u0161ta je humanitarnog karaktera te \u0107e udruga GU\u0160T pripremati hranu, te prikupljati donacije za tro\u0161kove operacije sugra\u0111ana Antona.<strong>Specijaliteti koji \u0107e se pripremiti:\u00a0\u00a0<\/strong>MANE\u0160TRA OD PALACJOLA ,\u00a0TAKOSI PO ZABODARSKI,\u00a0\u00a0SALATA OD HOBOTNICE ALA TRASORKA<\/p>\n<p>16:00 sati &#8211; tradicionalni turnir u \u0110aponezi gdje prva 3 mjesta dobivaju nagrade. Od 19 sati nastupa DJ Charly, a nakon njega Lucky band! Uz bogatu tombolu fe\u0161ta \u0107e potrajati do dugo u no\u0107.<br \/>\n20:00 &#8211; LUCKY BAND<br \/>\n23:00 &#8211; Bogata tombola<br \/>\n23:00 &#8211; DJ<\/p>\n<p><strong>Pokrovitelji su <\/strong>Grad Mali Lo\u0161inj, Turisti\u010dka zajednica Grada Malog Lo\u0161inja, Caffe-bar\u00a0Sv. Martin i udruga Gu\u0161t.<\/p>\n<p>Ve\u0107 sutra, o\u010dekuje nas fe\u0161ta u Ustrinama. Sve po\u010dinje u 10h\u00a0 kada \u0107e se u\u00a0 pu\u010dkom domu Bra\u0161\u0107ina okupiti oto\u010dni karta\u0161i kako bi odmjerili snage u sklopu 12. kupa u bri\u0161kuli i tre\u0161eti povodom blagdana sv. Martina.<\/p>\n<p>Prijave za karta\u0161ki turnir se vr\u0161e na telefonski broj 0989636494 ili na broj 0989069875. Program se nastavlja na istom mjestu tradicionalnom pu\u010dkom fe\u0161tom uo\u010di Martinje koja zapo\u010dinje u 19h. Za dobar \u0161timung zadu\u017een je harmonika\u0161ki duo iz Istre. Kulminacija ve\u010deri\u00a0 u Ustrinama o\u010dekuje se kada zapo\u010dne poga\u0111anje te\u017eine bocuna vina i pr\u0161uta, a oni koji u svojim poku\u0161ajima poga\u0111anja budu najbli\u017ee stvarnoj te\u017eini, ku\u0107i odnose cijeli bocun i pr\u0161ut. Za kraj je pripremljena tombola koja \u0107e se prodavati cijelu ve\u010der po promotivnim cijenama, a za one najsretnije ruke osigurane su lijepe nagrade. U\u017eivajte!<\/p>\n<div id='gallery-1' class='gallery galleryid-11713 gallery-columns-3 gallery-size-thumbnail'><figure class='gallery-item'>\n\t\t\t<div class='gallery-icon landscape'>\n\t\t\t\t<a href='https:\/\/radiojadranka.hr\/index.php\/2024\/11\/08\/pocinje-obiljezavanje-dana-grada-vrijeme-je-za-feste-veceras-u-svetom-martinu-a-sutra-i-u-ustrinama\/dan-grada-malog-losinj-festa-638663060517747276_1600_9002x\/'><img decoding=\"async\" width=\"150\" height=\"150\" src=\"https:\/\/radiojadranka.hr\/wp-content\/uploads\/2024\/11\/dan-grada-malog-losinj-festa-638663060517747276_1600_900@2x-150x150.jpeg\" class=\"attachment-thumbnail size-thumbnail\" alt=\"\" srcset=\"https:\/\/radiojadranka.hr\/wp-content\/uploads\/2024\/11\/dan-grada-malog-losinj-festa-638663060517747276_1600_900@2x-150x150.jpeg 150w, https:\/\/radiojadranka.hr\/wp-content\/uploads\/2024\/11\/dan-grada-malog-losinj-festa-638663060517747276_1600_900@2x-100x100.jpeg 100w, https:\/\/radiojadranka.hr\/wp-content\/uploads\/2024\/11\/dan-grada-malog-losinj-festa-638663060517747276_1600_900@2x-370x370.jpeg 370w\" sizes=\"(max-width: 150px) 100vw, 150px\" \/><\/a>\n\t\t\t<\/div><\/figure><figure class='gallery-item'>\n\t\t\t<div class='gallery-icon portrait'>\n\t\t\t\t<a href='https:\/\/radiojadranka.hr\/index.php\/2024\/11\/08\/pocinje-obiljezavanje-dana-grada-vrijeme-je-za-feste-veceras-u-svetom-martinu-a-sutra-i-u-ustrinama\/screenshot_2024-11-07-12-04-55-66_a23b203fd3aafc6dcb84e438dda678b6\/'><img decoding=\"async\" width=\"150\" height=\"150\" src=\"https:\/\/radiojadranka.hr\/wp-content\/uploads\/2024\/11\/Screenshot_2024-11-07-12-04-55-66_a23b203fd3aafc6dcb84e438dda678b6-150x150.jpg\" class=\"attachment-thumbnail size-thumbnail\" alt=\"\" srcset=\"https:\/\/radiojadranka.hr\/wp-content\/uploads\/2024\/11\/Screenshot_2024-11-07-12-04-55-66_a23b203fd3aafc6dcb84e438dda678b6-150x150.jpg 150w, https:\/\/radiojadranka.hr\/wp-content\/uploads\/2024\/11\/Screenshot_2024-11-07-12-04-55-66_a23b203fd3aafc6dcb84e438dda678b6-100x100.jpg 100w, https:\/\/radiojadranka.hr\/wp-content\/uploads\/2024\/11\/Screenshot_2024-11-07-12-04-55-66_a23b203fd3aafc6dcb84e438dda678b6-370x370.jpg 370w\" sizes=\"(max-width: 150px) 100vw, 150px\" \/><\/a>\n\t\t\t<\/div><\/figure>\n\t\t<\/div>\n\n","protected":false},"excerpt":{"rendered":"<p>Danas u 16h zapo\u010dinje fe\u0161ta u uvali sveti Martin, a povodom predstoje\u0107eg Dana Grada Malog Lo\u0161inja. Fe\u0161ta je humanitarnog karaktera te \u0107e udruga GU\u0160T pripremati hranu, te prikupljati donacije za tro\u0161kove operacije sugra\u0111ana Antona.Specijaliteti koji \u0107e se pripremiti:\u00a0\u00a0MANE\u0160TRA OD PALACJOLA ,\u00a0TAKOSI PO ZABODARSKI,\u00a0\u00a0SALATA OD HOBOTNICE ALA TRASORKA 16:00 sati &#8211; ...<\/p>\n","protected":false},"author":2,"featured_media":11714,"comment_status":"closed","ping_status":"open","sticky":false,"template":"","format":"audio","meta":{"footnotes":""},"categories":[72],"tags":[],"class_list":["post-11713","post","type-post","status-publish","format-audio","has-post-thumbnail","hentry","category-vijesti","post_format-post-format-audio"],"aioseo_notices":[],"_links":{"self":[{"href":"https:\/\/radiojadranka.hr\/index.php\/wp-json\/wp\/v2\/posts\/11713","targetHints":{"allow":["GET"]}}],"collection":[{"href":"https:\/\/radiojadranka.hr\/index.php\/wp-json\/wp\/v2\/posts"}],"about":[{"href":"https:\/\/radiojadranka.hr\/index.php\/wp-json\/wp\/v2\/types\/post"}],"author":[{"embeddable":true,"href":"https:\/\/radiojadranka.hr\/index.php\/wp-json\/wp\/v2\/users\/2"}],"replies":[{"embeddable":true,"href":"https:\/\/radiojadranka.hr\/index.php\/wp-json\/wp\/v2\/comments?post=11713"}],"version-history":[{"count":1,"href":"https:\/\/radiojadranka.hr\/index.php\/wp-json\/wp\/v2\/posts\/11713\/revisions"}],"predecessor-version":[{"id":11716,"href":"https:\/\/radiojadranka.hr\/index.php\/wp-json\/wp\/v2\/posts\/11713\/revisions\/11716"}],"wp:featuredmedia":[{"embeddable":true,"href":"https:\/\/radiojadranka.hr\/index.php\/wp-json\/wp\/v2\/media\/11714"}],"wp:attachment":[{"href":"https:\/\/radiojadranka.hr\/index.php\/wp-json\/wp\/v2\/media?parent=11713"}],"wp:term":[{"taxonomy":"category","embeddable":true,"href":"https:\/\/radiojadranka.hr\/index.php\/wp-json\/wp\/v2\/categories?post=11713"},{"taxonomy":"post_tag","embeddable":true,"href":"https:\/\/radiojadranka.hr\/index.php\/wp-json\/wp\/v2\/tags?post=11713"}],"curies":[{"name":"wp","href":"https:\/\/api.w.org\/{rel}","templated":true}]}}