{"id":11586,"date":"2024-10-17T14:48:13","date_gmt":"2024-10-17T12:48:13","guid":{"rendered":"https:\/\/radiojadranka.hr\/?p=11586"},"modified":"2024-10-17T14:49:26","modified_gmt":"2024-10-17T12:49:26","slug":"24-dan-kruha-i-zahvalnosti-za-plodove-zemlje-u-malom-losinju","status":"publish","type":"post","link":"https:\/\/radiojadranka.hr\/index.php\/2024\/10\/17\/24-dan-kruha-i-zahvalnosti-za-plodove-zemlje-u-malom-losinju\/","title":{"rendered":"24. Dan kruha i zahvalnosti za plodove zemlje u Malom Lo\u0161inju!"},"content":{"rendered":"<p>&nbsp;<\/p>\n<p>Dan je kruha i zahvalnosti za plodove zemlje!<\/p>\n<p>Ovaj dan je prilika za izra\u017eavanje zahvalnosti za kruh i sve plodove zemlje, te za podizanje svijesti o va\u017enosti zdrave prehrane, ekolo\u0161ke proizvodnje i o\u010duvanja biolo\u0161ke raznolikosti.<\/p>\n<p>Dani kruha su tako\u0111er povezani s bogatom tradicijom koja se prenosi kroz generacije. Ova manifestacija ima za cilj o\u010duvanje kulturne ba\u0161tine te ukazivanje na va\u017enost rada i znanja koji su potrebni za proizvodnju kruha i drugih pekarskih proizvoda.<\/p>\n<p>Program povodom dana\u0161njeg dana 24. godinu za redom organizir Dru\u0161tvo na\u0161a djeca Mali Lo\u0161inj, a odr\u017eava se na Trgu Republike Hrvatske u Malom Lo\u0161inju!<\/p>\n<p>Predstavilo se 14 izlaga\u010da, me\u0111u njima i gosti iz Jastrebarskog i Ogulina.<\/p>\n<p>Odr\u017eali su se nastupi djece iz dje\u010djeg vrti\u0107a i osnovne \u0161kole, a nastupile su i Lo\u0161injske ma\u017eoretkinje te Folklorno dru\u0161tvo Manfrina iz Malog Lo\u0161inja. Poslu\u0161ajte dio atmosfere s trga!<\/p>\n<p><iframe title=\"171024 Dani Kruha\" width=\"100%\" height=\"120\" src=\"https:\/\/www.mixcloud.com\/widget\/iframe\/?feed=https%3A%2F%2Fwww.mixcloud.com%2Fradio_jadranka%2F171024-dani-kruha%2F&amp;hide_cover=1\" frameborder=\"0\"><\/iframe><\/p>\n<p>&nbsp;<\/p>\n<div id='gallery-1' class='gallery galleryid-11586 gallery-columns-3 gallery-size-thumbnail'><figure class='gallery-item'>\n\t\t\t<div class='gallery-icon landscape'>\n\t\t\t\t<a href='https:\/\/radiojadranka.hr\/index.php\/2024\/10\/17\/24-dan-kruha-i-zahvalnosti-za-plodove-zemlje-u-malom-losinju\/img-20241017-wa0018\/'><img decoding=\"async\" width=\"150\" height=\"150\" src=\"https:\/\/radiojadranka.hr\/wp-content\/uploads\/2024\/10\/IMG-20241017-WA0018-150x150.jpg\" class=\"attachment-thumbnail size-thumbnail\" alt=\"\" srcset=\"https:\/\/radiojadranka.hr\/wp-content\/uploads\/2024\/10\/IMG-20241017-WA0018-150x150.jpg 150w, https:\/\/radiojadranka.hr\/wp-content\/uploads\/2024\/10\/IMG-20241017-WA0018-100x100.jpg 100w, https:\/\/radiojadranka.hr\/wp-content\/uploads\/2024\/10\/IMG-20241017-WA0018-370x370.jpg 370w\" sizes=\"(max-width: 150px) 100vw, 150px\" \/><\/a>\n\t\t\t<\/div><\/figure><figure class='gallery-item'>\n\t\t\t<div class='gallery-icon portrait'>\n\t\t\t\t<a href='https:\/\/radiojadranka.hr\/index.php\/2024\/10\/17\/24-dan-kruha-i-zahvalnosti-za-plodove-zemlje-u-malom-losinju\/img-20241017-wa0022\/'><img decoding=\"async\" width=\"150\" height=\"150\" src=\"https:\/\/radiojadranka.hr\/wp-content\/uploads\/2024\/10\/IMG-20241017-WA0022-150x150.jpg\" class=\"attachment-thumbnail size-thumbnail\" alt=\"\" srcset=\"https:\/\/radiojadranka.hr\/wp-content\/uploads\/2024\/10\/IMG-20241017-WA0022-150x150.jpg 150w, https:\/\/radiojadranka.hr\/wp-content\/uploads\/2024\/10\/IMG-20241017-WA0022-100x100.jpg 100w, https:\/\/radiojadranka.hr\/wp-content\/uploads\/2024\/10\/IMG-20241017-WA0022-370x370.jpg 370w\" sizes=\"(max-width: 150px) 100vw, 150px\" \/><\/a>\n\t\t\t<\/div><\/figure><figure class='gallery-item'>\n\t\t\t<div class='gallery-icon landscape'>\n\t\t\t\t<a href='https:\/\/radiojadranka.hr\/index.php\/2024\/10\/17\/24-dan-kruha-i-zahvalnosti-za-plodove-zemlje-u-malom-losinju\/img-20241017-wa0021\/'><img decoding=\"async\" width=\"150\" height=\"150\" src=\"https:\/\/radiojadranka.hr\/wp-content\/uploads\/2024\/10\/IMG-20241017-WA0021-150x150.jpg\" class=\"attachment-thumbnail size-thumbnail\" alt=\"\" srcset=\"https:\/\/radiojadranka.hr\/wp-content\/uploads\/2024\/10\/IMG-20241017-WA0021-150x150.jpg 150w, https:\/\/radiojadranka.hr\/wp-content\/uploads\/2024\/10\/IMG-20241017-WA0021-100x100.jpg 100w, https:\/\/radiojadranka.hr\/wp-content\/uploads\/2024\/10\/IMG-20241017-WA0021-370x370.jpg 370w\" sizes=\"(max-width: 150px) 100vw, 150px\" \/><\/a>\n\t\t\t<\/div><\/figure><figure class='gallery-item'>\n\t\t\t<div class='gallery-icon landscape'>\n\t\t\t\t<a href='https:\/\/radiojadranka.hr\/index.php\/2024\/10\/17\/24-dan-kruha-i-zahvalnosti-za-plodove-zemlje-u-malom-losinju\/img-20241017-wa0020\/'><img loading=\"lazy\" decoding=\"async\" width=\"150\" height=\"150\" src=\"https:\/\/radiojadranka.hr\/wp-content\/uploads\/2024\/10\/IMG-20241017-WA0020-150x150.jpg\" class=\"attachment-thumbnail size-thumbnail\" alt=\"\" srcset=\"https:\/\/radiojadranka.hr\/wp-content\/uploads\/2024\/10\/IMG-20241017-WA0020-150x150.jpg 150w, https:\/\/radiojadranka.hr\/wp-content\/uploads\/2024\/10\/IMG-20241017-WA0020-100x100.jpg 100w, https:\/\/radiojadranka.hr\/wp-content\/uploads\/2024\/10\/IMG-20241017-WA0020-370x370.jpg 370w\" sizes=\"(max-width: 150px) 100vw, 150px\" \/><\/a>\n\t\t\t<\/div><\/figure><figure class='gallery-item'>\n\t\t\t<div class='gallery-icon portrait'>\n\t\t\t\t<a href='https:\/\/radiojadranka.hr\/index.php\/2024\/10\/17\/24-dan-kruha-i-zahvalnosti-za-plodove-zemlje-u-malom-losinju\/img-20241017-wa0019\/'><img loading=\"lazy\" decoding=\"async\" width=\"150\" height=\"150\" src=\"https:\/\/radiojadranka.hr\/wp-content\/uploads\/2024\/10\/IMG-20241017-WA0019-150x150.jpg\" class=\"attachment-thumbnail size-thumbnail\" alt=\"\" srcset=\"https:\/\/radiojadranka.hr\/wp-content\/uploads\/2024\/10\/IMG-20241017-WA0019-150x150.jpg 150w, https:\/\/radiojadranka.hr\/wp-content\/uploads\/2024\/10\/IMG-20241017-WA0019-100x100.jpg 100w, https:\/\/radiojadranka.hr\/wp-content\/uploads\/2024\/10\/IMG-20241017-WA0019-370x370.jpg 370w\" sizes=\"(max-width: 150px) 100vw, 150px\" \/><\/a>\n\t\t\t<\/div><\/figure><figure class='gallery-item'>\n\t\t\t<div class='gallery-icon landscape'>\n\t\t\t\t<a href='https:\/\/radiojadranka.hr\/index.php\/2024\/10\/17\/24-dan-kruha-i-zahvalnosti-za-plodove-zemlje-u-malom-losinju\/img-20241017-wa0016\/'><img loading=\"lazy\" decoding=\"async\" width=\"150\" height=\"150\" src=\"https:\/\/radiojadranka.hr\/wp-content\/uploads\/2024\/10\/IMG-20241017-WA0016-150x150.jpg\" class=\"attachment-thumbnail size-thumbnail\" alt=\"\" srcset=\"https:\/\/radiojadranka.hr\/wp-content\/uploads\/2024\/10\/IMG-20241017-WA0016-150x150.jpg 150w, https:\/\/radiojadranka.hr\/wp-content\/uploads\/2024\/10\/IMG-20241017-WA0016-100x100.jpg 100w, https:\/\/radiojadranka.hr\/wp-content\/uploads\/2024\/10\/IMG-20241017-WA0016-370x370.jpg 370w\" sizes=\"(max-width: 150px) 100vw, 150px\" \/><\/a>\n\t\t\t<\/div><\/figure><figure class='gallery-item'>\n\t\t\t<div class='gallery-icon portrait'>\n\t\t\t\t<a href='https:\/\/radiojadranka.hr\/index.php\/2024\/10\/17\/24-dan-kruha-i-zahvalnosti-za-plodove-zemlje-u-malom-losinju\/img-20241017-wa0015\/'><img loading=\"lazy\" decoding=\"async\" width=\"150\" height=\"150\" src=\"https:\/\/radiojadranka.hr\/wp-content\/uploads\/2024\/10\/IMG-20241017-WA0015-150x150.jpg\" class=\"attachment-thumbnail size-thumbnail\" alt=\"\" srcset=\"https:\/\/radiojadranka.hr\/wp-content\/uploads\/2024\/10\/IMG-20241017-WA0015-150x150.jpg 150w, https:\/\/radiojadranka.hr\/wp-content\/uploads\/2024\/10\/IMG-20241017-WA0015-100x100.jpg 100w, https:\/\/radiojadranka.hr\/wp-content\/uploads\/2024\/10\/IMG-20241017-WA0015-370x370.jpg 370w\" sizes=\"(max-width: 150px) 100vw, 150px\" \/><\/a>\n\t\t\t<\/div><\/figure><figure class='gallery-item'>\n\t\t\t<div class='gallery-icon landscape'>\n\t\t\t\t<a href='https:\/\/radiojadranka.hr\/index.php\/2024\/10\/17\/24-dan-kruha-i-zahvalnosti-za-plodove-zemlje-u-malom-losinju\/img-20241017-wa0014\/'><img loading=\"lazy\" decoding=\"async\" width=\"150\" height=\"150\" src=\"https:\/\/radiojadranka.hr\/wp-content\/uploads\/2024\/10\/IMG-20241017-WA0014-150x150.jpg\" class=\"attachment-thumbnail size-thumbnail\" alt=\"\" srcset=\"https:\/\/radiojadranka.hr\/wp-content\/uploads\/2024\/10\/IMG-20241017-WA0014-150x150.jpg 150w, https:\/\/radiojadranka.hr\/wp-content\/uploads\/2024\/10\/IMG-20241017-WA0014-100x100.jpg 100w, https:\/\/radiojadranka.hr\/wp-content\/uploads\/2024\/10\/IMG-20241017-WA0014-370x370.jpg 370w\" sizes=\"(max-width: 150px) 100vw, 150px\" \/><\/a>\n\t\t\t<\/div><\/figure><figure class='gallery-item'>\n\t\t\t<div class='gallery-icon portrait'>\n\t\t\t\t<a href='https:\/\/radiojadranka.hr\/index.php\/2024\/10\/17\/24-dan-kruha-i-zahvalnosti-za-plodove-zemlje-u-malom-losinju\/img-20241017-wa0013\/'><img loading=\"lazy\" decoding=\"async\" width=\"150\" height=\"150\" src=\"https:\/\/radiojadranka.hr\/wp-content\/uploads\/2024\/10\/IMG-20241017-WA0013-150x150.jpg\" class=\"attachment-thumbnail size-thumbnail\" alt=\"\" srcset=\"https:\/\/radiojadranka.hr\/wp-content\/uploads\/2024\/10\/IMG-20241017-WA0013-150x150.jpg 150w, https:\/\/radiojadranka.hr\/wp-content\/uploads\/2024\/10\/IMG-20241017-WA0013-100x100.jpg 100w, https:\/\/radiojadranka.hr\/wp-content\/uploads\/2024\/10\/IMG-20241017-WA0013-370x370.jpg 370w\" sizes=\"(max-width: 150px) 100vw, 150px\" \/><\/a>\n\t\t\t<\/div><\/figure><figure class='gallery-item'>\n\t\t\t<div class='gallery-icon landscape'>\n\t\t\t\t<a href='https:\/\/radiojadranka.hr\/index.php\/2024\/10\/17\/24-dan-kruha-i-zahvalnosti-za-plodove-zemlje-u-malom-losinju\/img20241017101313\/'><img loading=\"lazy\" decoding=\"async\" width=\"150\" height=\"150\" src=\"https:\/\/radiojadranka.hr\/wp-content\/uploads\/2024\/10\/IMG20241017101313-150x150.jpg\" class=\"attachment-thumbnail size-thumbnail\" alt=\"\" srcset=\"https:\/\/radiojadranka.hr\/wp-content\/uploads\/2024\/10\/IMG20241017101313-150x150.jpg 150w, https:\/\/radiojadranka.hr\/wp-content\/uploads\/2024\/10\/IMG20241017101313-100x100.jpg 100w, https:\/\/radiojadranka.hr\/wp-content\/uploads\/2024\/10\/IMG20241017101313-370x370.jpg 370w\" sizes=\"(max-width: 150px) 100vw, 150px\" \/><\/a>\n\t\t\t<\/div><\/figure><figure class='gallery-item'>\n\t\t\t<div class='gallery-icon landscape'>\n\t\t\t\t<a href='https:\/\/radiojadranka.hr\/index.php\/2024\/10\/17\/24-dan-kruha-i-zahvalnosti-za-plodove-zemlje-u-malom-losinju\/oplus_0-3\/'><img loading=\"lazy\" decoding=\"async\" width=\"150\" height=\"150\" src=\"https:\/\/radiojadranka.hr\/wp-content\/uploads\/2024\/10\/IMG20241017101047-150x150.jpg\" class=\"attachment-thumbnail size-thumbnail\" alt=\"\" aria-describedby=\"gallery-1-11588\" srcset=\"https:\/\/radiojadranka.hr\/wp-content\/uploads\/2024\/10\/IMG20241017101047-150x150.jpg 150w, https:\/\/radiojadranka.hr\/wp-content\/uploads\/2024\/10\/IMG20241017101047-100x100.jpg 100w, https:\/\/radiojadranka.hr\/wp-content\/uploads\/2024\/10\/IMG20241017101047-370x370.jpg 370w\" sizes=\"(max-width: 150px) 100vw, 150px\" \/><\/a>\n\t\t\t<\/div>\n\t\t\t\t<figcaption class='wp-caption-text gallery-caption' id='gallery-1-11588'>\n\t\t\t\toplus_0\n\t\t\t\t<\/figcaption><\/figure><figure class='gallery-item'>\n\t\t\t<div class='gallery-icon portrait'>\n\t\t\t\t<a href='https:\/\/radiojadranka.hr\/index.php\/2024\/10\/17\/24-dan-kruha-i-zahvalnosti-za-plodove-zemlje-u-malom-losinju\/oplus_65584-2\/'><img loading=\"lazy\" decoding=\"async\" width=\"150\" height=\"150\" src=\"https:\/\/radiojadranka.hr\/wp-content\/uploads\/2024\/10\/IMG20241017102327-150x150.jpg\" class=\"attachment-thumbnail size-thumbnail\" alt=\"\" aria-describedby=\"gallery-1-11589\" srcset=\"https:\/\/radiojadranka.hr\/wp-content\/uploads\/2024\/10\/IMG20241017102327-150x150.jpg 150w, https:\/\/radiojadranka.hr\/wp-content\/uploads\/2024\/10\/IMG20241017102327-100x100.jpg 100w, https:\/\/radiojadranka.hr\/wp-content\/uploads\/2024\/10\/IMG20241017102327-370x370.jpg 370w\" sizes=\"(max-width: 150px) 100vw, 150px\" \/><\/a>\n\t\t\t<\/div>\n\t\t\t\t<figcaption class='wp-caption-text gallery-caption' id='gallery-1-11589'>\n\t\t\t\toplus_65584\n\t\t\t\t<\/figcaption><\/figure><figure class='gallery-item'>\n\t\t\t<div class='gallery-icon landscape'>\n\t\t\t\t<a href='https:\/\/radiojadranka.hr\/index.php\/2024\/10\/17\/24-dan-kruha-i-zahvalnosti-za-plodove-zemlje-u-malom-losinju\/oplus_65552-2\/'><img loading=\"lazy\" decoding=\"async\" width=\"150\" height=\"150\" src=\"https:\/\/radiojadranka.hr\/wp-content\/uploads\/2024\/10\/IMG20241017101528-150x150.jpg\" class=\"attachment-thumbnail size-thumbnail\" alt=\"\" aria-describedby=\"gallery-1-11590\" srcset=\"https:\/\/radiojadranka.hr\/wp-content\/uploads\/2024\/10\/IMG20241017101528-150x150.jpg 150w, https:\/\/radiojadranka.hr\/wp-content\/uploads\/2024\/10\/IMG20241017101528-100x100.jpg 100w, https:\/\/radiojadranka.hr\/wp-content\/uploads\/2024\/10\/IMG20241017101528-370x370.jpg 370w\" sizes=\"(max-width: 150px) 100vw, 150px\" \/><\/a>\n\t\t\t<\/div>\n\t\t\t\t<figcaption class='wp-caption-text gallery-caption' id='gallery-1-11590'>\n\t\t\t\toplus_65552\n\t\t\t\t<\/figcaption><\/figure><figure class='gallery-item'>\n\t\t\t<div class='gallery-icon landscape'>\n\t\t\t\t<a href='https:\/\/radiojadranka.hr\/index.php\/2024\/10\/17\/24-dan-kruha-i-zahvalnosti-za-plodove-zemlje-u-malom-losinju\/oplus_0-4\/'><img loading=\"lazy\" decoding=\"async\" width=\"150\" height=\"150\" src=\"https:\/\/radiojadranka.hr\/wp-content\/uploads\/2024\/10\/IMG20241017103236-150x150.jpg\" class=\"attachment-thumbnail size-thumbnail\" alt=\"\" aria-describedby=\"gallery-1-11591\" srcset=\"https:\/\/radiojadranka.hr\/wp-content\/uploads\/2024\/10\/IMG20241017103236-150x150.jpg 150w, https:\/\/radiojadranka.hr\/wp-content\/uploads\/2024\/10\/IMG20241017103236-100x100.jpg 100w, https:\/\/radiojadranka.hr\/wp-content\/uploads\/2024\/10\/IMG20241017103236-370x370.jpg 370w\" sizes=\"(max-width: 150px) 100vw, 150px\" \/><\/a>\n\t\t\t<\/div>\n\t\t\t\t<figcaption class='wp-caption-text gallery-caption' id='gallery-1-11591'>\n\t\t\t\toplus_0\n\t\t\t\t<\/figcaption><\/figure><figure class='gallery-item'>\n\t\t\t<div class='gallery-icon portrait'>\n\t\t\t\t<a href='https:\/\/radiojadranka.hr\/index.php\/2024\/10\/17\/24-dan-kruha-i-zahvalnosti-za-plodove-zemlje-u-malom-losinju\/img-20241017-wa0010\/'><img loading=\"lazy\" decoding=\"async\" width=\"150\" height=\"150\" src=\"https:\/\/radiojadranka.hr\/wp-content\/uploads\/2024\/10\/IMG-20241017-WA0010-150x150.jpg\" class=\"attachment-thumbnail size-thumbnail\" alt=\"\" srcset=\"https:\/\/radiojadranka.hr\/wp-content\/uploads\/2024\/10\/IMG-20241017-WA0010-150x150.jpg 150w, https:\/\/radiojadranka.hr\/wp-content\/uploads\/2024\/10\/IMG-20241017-WA0010-100x100.jpg 100w, https:\/\/radiojadranka.hr\/wp-content\/uploads\/2024\/10\/IMG-20241017-WA0010-370x370.jpg 370w\" sizes=\"(max-width: 150px) 100vw, 150px\" \/><\/a>\n\t\t\t<\/div><\/figure><figure class='gallery-item'>\n\t\t\t<div class='gallery-icon landscape'>\n\t\t\t\t<a href='https:\/\/radiojadranka.hr\/index.php\/2024\/10\/17\/24-dan-kruha-i-zahvalnosti-za-plodove-zemlje-u-malom-losinju\/img-20241017-wa0012\/'><img loading=\"lazy\" decoding=\"async\" width=\"150\" height=\"150\" src=\"https:\/\/radiojadranka.hr\/wp-content\/uploads\/2024\/10\/IMG-20241017-WA0012-150x150.jpg\" class=\"attachment-thumbnail size-thumbnail\" alt=\"\" srcset=\"https:\/\/radiojadranka.hr\/wp-content\/uploads\/2024\/10\/IMG-20241017-WA0012-150x150.jpg 150w, https:\/\/radiojadranka.hr\/wp-content\/uploads\/2024\/10\/IMG-20241017-WA0012-100x100.jpg 100w, https:\/\/radiojadranka.hr\/wp-content\/uploads\/2024\/10\/IMG-20241017-WA0012-370x370.jpg 370w\" sizes=\"(max-width: 150px) 100vw, 150px\" \/><\/a>\n\t\t\t<\/div><\/figure>\n\t\t<\/div>\n\n<p>&nbsp;<\/p>\n","protected":false},"excerpt":{"rendered":"<p>&nbsp; Dan je kruha i zahvalnosti za plodove zemlje! Ovaj dan je prilika za izra\u017eavanje zahvalnosti za kruh i sve plodove zemlje, te za podizanje svijesti o va\u017enosti zdrave prehrane, ekolo\u0161ke proizvodnje i o\u010duvanja biolo\u0161ke raznolikosti. Dani kruha su tako\u0111er povezani s bogatom tradicijom koja se prenosi kroz generacije. Ova ...<\/p>\n","protected":false},"author":2,"featured_media":11607,"comment_status":"closed","ping_status":"open","sticky":false,"template":"","format":"audio","meta":{"footnotes":""},"categories":[72],"tags":[],"class_list":["post-11586","post","type-post","status-publish","format-audio","has-post-thumbnail","hentry","category-vijesti","post_format-post-format-audio"],"aioseo_notices":[],"_links":{"self":[{"href":"https:\/\/radiojadranka.hr\/index.php\/wp-json\/wp\/v2\/posts\/11586","targetHints":{"allow":["GET"]}}],"collection":[{"href":"https:\/\/radiojadranka.hr\/index.php\/wp-json\/wp\/v2\/posts"}],"about":[{"href":"https:\/\/radiojadranka.hr\/index.php\/wp-json\/wp\/v2\/types\/post"}],"author":[{"embeddable":true,"href":"https:\/\/radiojadranka.hr\/index.php\/wp-json\/wp\/v2\/users\/2"}],"replies":[{"embeddable":true,"href":"https:\/\/radiojadranka.hr\/index.php\/wp-json\/wp\/v2\/comments?post=11586"}],"version-history":[{"count":1,"href":"https:\/\/radiojadranka.hr\/index.php\/wp-json\/wp\/v2\/posts\/11586\/revisions"}],"predecessor-version":[{"id":11606,"href":"https:\/\/radiojadranka.hr\/index.php\/wp-json\/wp\/v2\/posts\/11586\/revisions\/11606"}],"wp:featuredmedia":[{"embeddable":true,"href":"https:\/\/radiojadranka.hr\/index.php\/wp-json\/wp\/v2\/media\/11607"}],"wp:attachment":[{"href":"https:\/\/radiojadranka.hr\/index.php\/wp-json\/wp\/v2\/media?parent=11586"}],"wp:term":[{"taxonomy":"category","embeddable":true,"href":"https:\/\/radiojadranka.hr\/index.php\/wp-json\/wp\/v2\/categories?post=11586"},{"taxonomy":"post_tag","embeddable":true,"href":"https:\/\/radiojadranka.hr\/index.php\/wp-json\/wp\/v2\/tags?post=11586"}],"curies":[{"name":"wp","href":"https:\/\/api.w.org\/{rel}","templated":true}]}}