{"id":11561,"date":"2024-10-15T15:25:10","date_gmt":"2024-10-15T13:25:10","guid":{"rendered":"https:\/\/radiojadranka.hr\/?p=11561"},"modified":"2024-10-15T15:26:01","modified_gmt":"2024-10-15T13:26:01","slug":"nezavisna-lista-maria-frankovica-odrzala-konferenciju-za-medije","status":"publish","type":"post","link":"https:\/\/radiojadranka.hr\/index.php\/2024\/10\/15\/nezavisna-lista-maria-frankovica-odrzala-konferenciju-za-medije\/","title":{"rendered":"Nezavisna lista Maria Frankovi\u0107a odr\u017eala konferenciju za medije"},"content":{"rendered":"<p>Nezavisna lista Maria Frankovi\u0107a na dana\u0161njoj konferenciji za medije osvrnula se na \u010detiri teme:<\/p>\n<ol>\n<li>Rad i komunikacija grdske uprave<\/li>\n<li>Zdravstvo i Dom zdravlja,<\/li>\n<li>Dogradnja dje\u010djeg vrti\u0107a<\/li>\n<li>Stambena politika i izgradnja stanova<\/li>\n<\/ol>\n<p>Poslu\u0161ajte konferenciju za medije u cjelosti:<\/p>\n<p><iframe title=\"151024 Konferencija Za Medije Nezavisne Liste Maria Frankovi\u0107a\" width=\"100%\" height=\"120\" src=\"https:\/\/www.mixcloud.com\/widget\/iframe\/?feed=https%3A%2F%2Fwww.mixcloud.com%2Fradio_jadranka%2F151024-konferencija-za-medije-nezavisne-liste-maria-frankovi%25C4%2587a%2F&amp;hide_cover=1\" frameborder=\"0\"><\/iframe><\/p>\n<div id='gallery-1' class='gallery galleryid-11561 gallery-columns-3 gallery-size-thumbnail'><figure class='gallery-item'>\n\t\t\t<div class='gallery-icon portrait'>\n\t\t\t\t<a href='https:\/\/radiojadranka.hr\/index.php\/2024\/10\/15\/nezavisna-lista-maria-frankovica-odrzala-konferenciju-za-medije\/img20241015121536_01\/'><img decoding=\"async\" width=\"150\" height=\"150\" src=\"https:\/\/radiojadranka.hr\/wp-content\/uploads\/2024\/10\/IMG20241015121536_01-150x150.jpg\" class=\"attachment-thumbnail size-thumbnail\" alt=\"\" srcset=\"https:\/\/radiojadranka.hr\/wp-content\/uploads\/2024\/10\/IMG20241015121536_01-150x150.jpg 150w, https:\/\/radiojadranka.hr\/wp-content\/uploads\/2024\/10\/IMG20241015121536_01-100x100.jpg 100w, https:\/\/radiojadranka.hr\/wp-content\/uploads\/2024\/10\/IMG20241015121536_01-370x370.jpg 370w\" sizes=\"(max-width: 150px) 100vw, 150px\" \/><\/a>\n\t\t\t<\/div><\/figure><figure class='gallery-item'>\n\t\t\t<div class='gallery-icon landscape'>\n\t\t\t\t<a href='https:\/\/radiojadranka.hr\/index.php\/2024\/10\/15\/nezavisna-lista-maria-frankovica-odrzala-konferenciju-za-medije\/img20241015120725\/'><img decoding=\"async\" width=\"150\" height=\"150\" src=\"https:\/\/radiojadranka.hr\/wp-content\/uploads\/2024\/10\/IMG20241015120725-150x150.jpg\" class=\"attachment-thumbnail size-thumbnail\" alt=\"\" srcset=\"https:\/\/radiojadranka.hr\/wp-content\/uploads\/2024\/10\/IMG20241015120725-150x150.jpg 150w, https:\/\/radiojadranka.hr\/wp-content\/uploads\/2024\/10\/IMG20241015120725-100x100.jpg 100w, https:\/\/radiojadranka.hr\/wp-content\/uploads\/2024\/10\/IMG20241015120725-370x370.jpg 370w\" sizes=\"(max-width: 150px) 100vw, 150px\" \/><\/a>\n\t\t\t<\/div><\/figure><figure class='gallery-item'>\n\t\t\t<div class='gallery-icon landscape'>\n\t\t\t\t<a href='https:\/\/radiojadranka.hr\/index.php\/2024\/10\/15\/nezavisna-lista-maria-frankovica-odrzala-konferenciju-za-medije\/img20241015120822\/'><img decoding=\"async\" width=\"150\" height=\"150\" src=\"https:\/\/radiojadranka.hr\/wp-content\/uploads\/2024\/10\/IMG20241015120822-150x150.jpg\" class=\"attachment-thumbnail size-thumbnail\" alt=\"\" srcset=\"https:\/\/radiojadranka.hr\/wp-content\/uploads\/2024\/10\/IMG20241015120822-150x150.jpg 150w, https:\/\/radiojadranka.hr\/wp-content\/uploads\/2024\/10\/IMG20241015120822-100x100.jpg 100w, https:\/\/radiojadranka.hr\/wp-content\/uploads\/2024\/10\/IMG20241015120822-370x370.jpg 370w\" sizes=\"(max-width: 150px) 100vw, 150px\" \/><\/a>\n\t\t\t<\/div><\/figure>\n\t\t<\/div>\n\n<p>&nbsp;<\/p>\n","protected":false},"excerpt":{"rendered":"<p>Nezavisna lista Maria Frankovi\u0107a na dana\u0161njoj konferenciji za medije osvrnula se na \u010detiri teme: Rad i komunikacija grdske uprave Zdravstvo i Dom zdravlja, Dogradnja dje\u010djeg vrti\u0107a Stambena politika i izgradnja stanova Poslu\u0161ajte konferenciju za medije u cjelosti: &nbsp;<\/p>\n","protected":false},"author":2,"featured_media":11571,"comment_status":"closed","ping_status":"open","sticky":false,"template":"","format":"audio","meta":{"footnotes":""},"categories":[72],"tags":[],"class_list":["post-11561","post","type-post","status-publish","format-audio","has-post-thumbnail","hentry","category-vijesti","post_format-post-format-audio"],"aioseo_notices":[],"_links":{"self":[{"href":"https:\/\/radiojadranka.hr\/index.php\/wp-json\/wp\/v2\/posts\/11561","targetHints":{"allow":["GET"]}}],"collection":[{"href":"https:\/\/radiojadranka.hr\/index.php\/wp-json\/wp\/v2\/posts"}],"about":[{"href":"https:\/\/radiojadranka.hr\/index.php\/wp-json\/wp\/v2\/types\/post"}],"author":[{"embeddable":true,"href":"https:\/\/radiojadranka.hr\/index.php\/wp-json\/wp\/v2\/users\/2"}],"replies":[{"embeddable":true,"href":"https:\/\/radiojadranka.hr\/index.php\/wp-json\/wp\/v2\/comments?post=11561"}],"version-history":[{"count":1,"href":"https:\/\/radiojadranka.hr\/index.php\/wp-json\/wp\/v2\/posts\/11561\/revisions"}],"predecessor-version":[{"id":11570,"href":"https:\/\/radiojadranka.hr\/index.php\/wp-json\/wp\/v2\/posts\/11561\/revisions\/11570"}],"wp:featuredmedia":[{"embeddable":true,"href":"https:\/\/radiojadranka.hr\/index.php\/wp-json\/wp\/v2\/media\/11571"}],"wp:attachment":[{"href":"https:\/\/radiojadranka.hr\/index.php\/wp-json\/wp\/v2\/media?parent=11561"}],"wp:term":[{"taxonomy":"category","embeddable":true,"href":"https:\/\/radiojadranka.hr\/index.php\/wp-json\/wp\/v2\/categories?post=11561"},{"taxonomy":"post_tag","embeddable":true,"href":"https:\/\/radiojadranka.hr\/index.php\/wp-json\/wp\/v2\/tags?post=11561"}],"curies":[{"name":"wp","href":"https:\/\/api.w.org\/{rel}","templated":true}]}}