{"id":11529,"date":"2024-10-08T13:11:50","date_gmt":"2024-10-08T11:11:50","guid":{"rendered":"https:\/\/radiojadranka.hr\/?p=11529"},"modified":"2024-10-08T13:12:32","modified_gmt":"2024-10-08T11:12:32","slug":"11529","status":"publish","type":"post","link":"https:\/\/radiojadranka.hr\/index.php\/2024\/10\/08\/11529\/","title":{"rendered":"Va\u017eno predavanje za roditelje i odgojno &#8211; obrazovne djelatnike!"},"content":{"rendered":"<p>\u201ePostavljanje granica u digitalnoj tehnologiji&#8221;, naziv je predavanja \u0161to \u0107e odr\u017eati dr. Ranko Rajovi\u0107, autor NTC programa u\u010denja i \u010dlan vije\u0107a za darovitu djecu, a predavanje je namijenjeno roditeljima te odgojno-obrazovnim djelatnicima. Ovo predavanje organiziraju Rotary kluba Lo\u0161inj i Pu\u010dko otvoreno u\u010dili\u0161te Mali Lo\u0161inj. Po\u010dinje ve\u010deras u 18 sati\u00a0u kinu Vladimira Nazora s po\u010detkom u 18 sati, a ulaz je besplatan.<\/p>\n<p>Poslu\u0161ajte razgovor s dr. Rajovi\u0107em kojim smo najavili dana\u0161nje predavanje! Gost u studiju Dinko Kuva\u010d.<\/p>\n<p><iframe title=\"081024 Dr Ranko Rajovi\u0107 Rotary Mali Lo\u0161inj\" width=\"100%\" height=\"120\" src=\"https:\/\/www.mixcloud.com\/widget\/iframe\/?feed=https%3A%2F%2Fwww.mixcloud.com%2Fradio_jadranka%2F081024-dr-ranko-rajovi%25C4%2587-rotary-mali-lo%25C5%25A1inj%2F&amp;hide_cover=1\" frameborder=\"0\"><\/iframe><\/p>\n<p><img fetchpriority=\"high\" decoding=\"async\" class=\"alignnone size-medium wp-image-11531\" src=\"https:\/\/radiojadranka.hr\/wp-content\/uploads\/2024\/10\/FB_IMG_1727894702444-3-544x770.jpg\" alt=\"\" width=\"544\" height=\"770\" srcset=\"https:\/\/radiojadranka.hr\/wp-content\/uploads\/2024\/10\/FB_IMG_1727894702444-3-544x770.jpg 544w, https:\/\/radiojadranka.hr\/wp-content\/uploads\/2024\/10\/FB_IMG_1727894702444-3-827x1170.jpg 827w, https:\/\/radiojadranka.hr\/wp-content\/uploads\/2024\/10\/FB_IMG_1727894702444-3-768x1087.jpg 768w, https:\/\/radiojadranka.hr\/wp-content\/uploads\/2024\/10\/FB_IMG_1727894702444-3.jpg 1080w\" sizes=\"(max-width: 544px) 100vw, 544px\" \/><\/p>\n","protected":false},"excerpt":{"rendered":"<p>\u201ePostavljanje granica u digitalnoj tehnologiji&#8221;, naziv je predavanja \u0161to \u0107e odr\u017eati dr. Ranko Rajovi\u0107, autor NTC programa u\u010denja i \u010dlan vije\u0107a za darovitu djecu, a predavanje je namijenjeno roditeljima te odgojno-obrazovnim djelatnicima. Ovo predavanje organiziraju Rotary kluba Lo\u0161inj i Pu\u010dko otvoreno u\u010dili\u0161te Mali Lo\u0161inj. Po\u010dinje ve\u010deras u 18 sati\u00a0u kinu ...<\/p>\n","protected":false},"author":2,"featured_media":11531,"comment_status":"closed","ping_status":"open","sticky":false,"template":"","format":"audio","meta":{"footnotes":""},"categories":[72],"tags":[],"class_list":["post-11529","post","type-post","status-publish","format-audio","has-post-thumbnail","hentry","category-vijesti","post_format-post-format-audio"],"aioseo_notices":[],"_links":{"self":[{"href":"https:\/\/radiojadranka.hr\/index.php\/wp-json\/wp\/v2\/posts\/11529","targetHints":{"allow":["GET"]}}],"collection":[{"href":"https:\/\/radiojadranka.hr\/index.php\/wp-json\/wp\/v2\/posts"}],"about":[{"href":"https:\/\/radiojadranka.hr\/index.php\/wp-json\/wp\/v2\/types\/post"}],"author":[{"embeddable":true,"href":"https:\/\/radiojadranka.hr\/index.php\/wp-json\/wp\/v2\/users\/2"}],"replies":[{"embeddable":true,"href":"https:\/\/radiojadranka.hr\/index.php\/wp-json\/wp\/v2\/comments?post=11529"}],"version-history":[{"count":2,"href":"https:\/\/radiojadranka.hr\/index.php\/wp-json\/wp\/v2\/posts\/11529\/revisions"}],"predecessor-version":[{"id":11533,"href":"https:\/\/radiojadranka.hr\/index.php\/wp-json\/wp\/v2\/posts\/11529\/revisions\/11533"}],"wp:featuredmedia":[{"embeddable":true,"href":"https:\/\/radiojadranka.hr\/index.php\/wp-json\/wp\/v2\/media\/11531"}],"wp:attachment":[{"href":"https:\/\/radiojadranka.hr\/index.php\/wp-json\/wp\/v2\/media?parent=11529"}],"wp:term":[{"taxonomy":"category","embeddable":true,"href":"https:\/\/radiojadranka.hr\/index.php\/wp-json\/wp\/v2\/categories?post=11529"},{"taxonomy":"post_tag","embeddable":true,"href":"https:\/\/radiojadranka.hr\/index.php\/wp-json\/wp\/v2\/tags?post=11529"}],"curies":[{"name":"wp","href":"https:\/\/api.w.org\/{rel}","templated":true}]}}