{"id":11496,"date":"2024-10-04T13:52:15","date_gmt":"2024-10-04T11:52:15","guid":{"rendered":"https:\/\/radiojadranka.hr\/?p=11496"},"modified":"2024-10-04T13:52:15","modified_gmt":"2024-10-04T11:52:15","slug":"u-nedjelju-otvorenje-staze-princa-rudolfa","status":"publish","type":"post","link":"https:\/\/radiojadranka.hr\/index.php\/2024\/10\/04\/u-nedjelju-otvorenje-staze-princa-rudolfa\/","title":{"rendered":"U nedjelju otvorenje staze princa Rudolfa!"},"content":{"rendered":"<p>Dana 28. o\u017eujka 1887. godine, princ Rudolf doplovio je carskom jahtom &#8220;Orao&#8221; u uvalu Radiboj, smje\u0161tenu ispod sjevernih obronaka Osor\u0161\u0107ice na otoku Lo\u0161inju, te je stazom s pla\u017ee zapo\u010deo svoj povijesni uspon na vrh Televrina. Volonteri PD &#8220;Osor\u0161\u0107ica&#8221; prona\u0161li su ovu zaboravljenu povijesnu stazu, koja je bila zarasla u \u0161umu, raskr\u010dili su je i markirali, te je sada dostupna planinarima, rekreativcima i turistima. Mi smo danas razgovarali s Stenom Viduli\u0107em predsjednikom planinarskog dru\u0161tva i Denisom Sagani\u0107em koji je pred pet godina pokrenuo cijeli projekt obnove ove staze! Poslu\u0161ajte<\/p>\n<p><iframe title=\"041024 Staza Princa Rudolfa\" width=\"100%\" height=\"120\" src=\"https:\/\/www.mixcloud.com\/widget\/iframe\/?feed=https%3A%2F%2Fwww.mixcloud.com%2Fradio_jadranka%2F041024-rudijeva-staza%2F&amp;hide_cover=1\" frameborder=\"0\"><\/iframe><\/p>\n<div id='gallery-1' class='gallery galleryid-11496 gallery-columns-3 gallery-size-thumbnail'><figure class='gallery-item'>\n\t\t\t<div class='gallery-icon landscape'>\n\t\t\t\t<a href='https:\/\/radiojadranka.hr\/index.php\/2024\/10\/04\/u-nedjelju-otvorenje-staze-princa-rudolfa\/461337235_848342620780705_8728608482383213072_n\/'><img decoding=\"async\" width=\"150\" height=\"150\" src=\"https:\/\/radiojadranka.hr\/wp-content\/uploads\/2024\/10\/461337235_848342620780705_8728608482383213072_n-150x150.jpg\" class=\"attachment-thumbnail size-thumbnail\" alt=\"\" srcset=\"https:\/\/radiojadranka.hr\/wp-content\/uploads\/2024\/10\/461337235_848342620780705_8728608482383213072_n-150x150.jpg 150w, https:\/\/radiojadranka.hr\/wp-content\/uploads\/2024\/10\/461337235_848342620780705_8728608482383213072_n-100x100.jpg 100w, https:\/\/radiojadranka.hr\/wp-content\/uploads\/2024\/10\/461337235_848342620780705_8728608482383213072_n-370x370.jpg 370w\" sizes=\"(max-width: 150px) 100vw, 150px\" \/><\/a>\n\t\t\t<\/div><\/figure><figure class='gallery-item'>\n\t\t\t<div class='gallery-icon landscape'>\n\t\t\t\t<a href='https:\/\/radiojadranka.hr\/index.php\/2024\/10\/04\/u-nedjelju-otvorenje-staze-princa-rudolfa\/img20241004110957\/'><img decoding=\"async\" width=\"150\" height=\"150\" src=\"https:\/\/radiojadranka.hr\/wp-content\/uploads\/2024\/10\/IMG20241004110957-150x150.jpg\" class=\"attachment-thumbnail size-thumbnail\" alt=\"\" srcset=\"https:\/\/radiojadranka.hr\/wp-content\/uploads\/2024\/10\/IMG20241004110957-150x150.jpg 150w, https:\/\/radiojadranka.hr\/wp-content\/uploads\/2024\/10\/IMG20241004110957-100x100.jpg 100w, https:\/\/radiojadranka.hr\/wp-content\/uploads\/2024\/10\/IMG20241004110957-370x370.jpg 370w\" sizes=\"(max-width: 150px) 100vw, 150px\" \/><\/a>\n\t\t\t<\/div><\/figure>\n\t\t<\/div>\n\n","protected":false},"excerpt":{"rendered":"<p>Dana 28. o\u017eujka 1887. godine, princ Rudolf doplovio je carskom jahtom &#8220;Orao&#8221; u uvalu Radiboj, smje\u0161tenu ispod sjevernih obronaka Osor\u0161\u0107ice na otoku Lo\u0161inju, te je stazom s pla\u017ee zapo\u010deo svoj povijesni uspon na vrh Televrina. Volonteri PD &#8220;Osor\u0161\u0107ica&#8221; prona\u0161li su ovu zaboravljenu povijesnu stazu, koja je bila zarasla u \u0161umu, ...<\/p>\n","protected":false},"author":2,"featured_media":11504,"comment_status":"closed","ping_status":"open","sticky":false,"template":"","format":"audio","meta":{"footnotes":""},"categories":[72],"tags":[],"class_list":["post-11496","post","type-post","status-publish","format-audio","has-post-thumbnail","hentry","category-vijesti","post_format-post-format-audio"],"aioseo_notices":[],"_links":{"self":[{"href":"https:\/\/radiojadranka.hr\/index.php\/wp-json\/wp\/v2\/posts\/11496","targetHints":{"allow":["GET"]}}],"collection":[{"href":"https:\/\/radiojadranka.hr\/index.php\/wp-json\/wp\/v2\/posts"}],"about":[{"href":"https:\/\/radiojadranka.hr\/index.php\/wp-json\/wp\/v2\/types\/post"}],"author":[{"embeddable":true,"href":"https:\/\/radiojadranka.hr\/index.php\/wp-json\/wp\/v2\/users\/2"}],"replies":[{"embeddable":true,"href":"https:\/\/radiojadranka.hr\/index.php\/wp-json\/wp\/v2\/comments?post=11496"}],"version-history":[{"count":1,"href":"https:\/\/radiojadranka.hr\/index.php\/wp-json\/wp\/v2\/posts\/11496\/revisions"}],"predecessor-version":[{"id":11508,"href":"https:\/\/radiojadranka.hr\/index.php\/wp-json\/wp\/v2\/posts\/11496\/revisions\/11508"}],"wp:featuredmedia":[{"embeddable":true,"href":"https:\/\/radiojadranka.hr\/index.php\/wp-json\/wp\/v2\/media\/11504"}],"wp:attachment":[{"href":"https:\/\/radiojadranka.hr\/index.php\/wp-json\/wp\/v2\/media?parent=11496"}],"wp:term":[{"taxonomy":"category","embeddable":true,"href":"https:\/\/radiojadranka.hr\/index.php\/wp-json\/wp\/v2\/categories?post=11496"},{"taxonomy":"post_tag","embeddable":true,"href":"https:\/\/radiojadranka.hr\/index.php\/wp-json\/wp\/v2\/tags?post=11496"}],"curies":[{"name":"wp","href":"https:\/\/api.w.org\/{rel}","templated":true}]}}