{"id":11481,"date":"2024-10-03T11:57:59","date_gmt":"2024-10-03T09:57:59","guid":{"rendered":"https:\/\/radiojadranka.hr\/?p=11481"},"modified":"2024-10-03T12:01:23","modified_gmt":"2024-10-03T10:01:23","slug":"zivjeti-za-otoke-nova-knjiga-dr-julijana-sokolica","status":"publish","type":"post","link":"https:\/\/radiojadranka.hr\/index.php\/2024\/10\/03\/zivjeti-za-otoke-nova-knjiga-dr-julijana-sokolica\/","title":{"rendered":"&#8220;\u017divjeti za otoke&#8221;, nova knjiga dr. Julijana Sokoli\u0107a!"},"content":{"rendered":"<p>Ba\u0161 cjenim tog \u010dovjeka, dugo se znamo!\u00a0 Julijano me stra\u0161no podsje\u0107a na tatinog tatu, mog dedu Juliija. Mudro\u0161\u0107u, strpljivo\u0161\u0107u, ljubavlju i predano\u0161\u0107u obitelji. Tako ga ja do\u017eivljavam. Stvarno u\u017eivam u svakom susretu i razgovoru! Bilo je tako i jutros na radiju. Ba\u0161 smo se lijepo podru\u017eili, razgovarali. Na\u017ealost, malo, premalo ili nimalo je onih koji zapisuju i bilje\u017ee \u017eivot na &#8220;svom&#8221; kamenu kao \u0161to to dr. Julijano Sokoli\u0107, rodom iz Nerezina na otoku Lo\u0161inju, koji je vijesti, doga\u0111aje i ba\u0161tinu bilje\u017eio u proteklih \u0161ezdesetak godina! \u010cetrdeseta samostalna knjiga (+ 37 ostalih izdanja) ugledala je svjetlo dana i sutra \u0107e se predstaviti javnosti. Gdje drugdje nego li u Nerezinama. I to po blagdanu sv. Frane kojeg se u Nerezinama \u0161tuje, a zahvaljuju\u0107i samostanu i Franjevcima.\u00a0 Euharistija i procesija bit \u0107e u samostanu u 18 sati, a nakon toga u Televrinu promocija knjige u 19,30. Knjiga je u biti autobiografija kroz brojna doga\u0111anja koja je Julijano zapisao i koja su obilje\u017eila njegov \u017eivot! Danas smo dugo razgovarali u programu na\u0161eg radija. Unato\u010d hendikepu sluha, odli\u010dno smo se sporazumjeli i pozivam Vas da poslu\u0161ate emisiju. Malo je ljudi koji budu\u0107im nara\u0161tajima na\u0161eg kraja ostavlja zapisanu povijst kao \u0161to je to Julijano Sokoli\u0107. Julijano hvala!<\/p>\n<p><iframe title=\"031024 Julijano Sokoli\u0107 \u017divjeti Za Otoke\" width=\"100%\" height=\"120\" src=\"https:\/\/www.mixcloud.com\/widget\/iframe\/?feed=https%3A%2F%2Fwww.mixcloud.com%2Fradio_jadranka%2F031024-julijano-sokoli%25C4%2587-%25C5%25BEivjeti-za-otoke%2F&amp;hide_cover=1\" frameborder=\"0\"><\/iframe><\/p>\n<div id='gallery-1' class='gallery galleryid-11481 gallery-columns-3 gallery-size-thumbnail'><figure class='gallery-item'>\n\t\t\t<div class='gallery-icon portrait'>\n\t\t\t\t<a href='https:\/\/radiojadranka.hr\/index.php\/2024\/10\/03\/zivjeti-za-otoke-nova-knjiga-dr-julijana-sokolica\/skeniranje_20240928-002\/'><img decoding=\"async\" width=\"150\" height=\"150\" src=\"https:\/\/radiojadranka.hr\/wp-content\/uploads\/2024\/10\/Skeniranje_20240928-002-150x150.jpg\" class=\"attachment-thumbnail size-thumbnail\" alt=\"\" srcset=\"https:\/\/radiojadranka.hr\/wp-content\/uploads\/2024\/10\/Skeniranje_20240928-002-150x150.jpg 150w, https:\/\/radiojadranka.hr\/wp-content\/uploads\/2024\/10\/Skeniranje_20240928-002-100x100.jpg 100w, https:\/\/radiojadranka.hr\/wp-content\/uploads\/2024\/10\/Skeniranje_20240928-002-370x370.jpg 370w\" sizes=\"(max-width: 150px) 100vw, 150px\" \/><\/a>\n\t\t\t<\/div><\/figure><figure class='gallery-item'>\n\t\t\t<div class='gallery-icon landscape'>\n\t\t\t\t<a href='https:\/\/radiojadranka.hr\/index.php\/2024\/10\/03\/zivjeti-za-otoke-nova-knjiga-dr-julijana-sokolica\/img20241003103021\/'><img decoding=\"async\" width=\"150\" height=\"150\" src=\"https:\/\/radiojadranka.hr\/wp-content\/uploads\/2024\/10\/IMG20241003103021-150x150.jpg\" class=\"attachment-thumbnail size-thumbnail\" alt=\"\" srcset=\"https:\/\/radiojadranka.hr\/wp-content\/uploads\/2024\/10\/IMG20241003103021-150x150.jpg 150w, https:\/\/radiojadranka.hr\/wp-content\/uploads\/2024\/10\/IMG20241003103021-100x100.jpg 100w, https:\/\/radiojadranka.hr\/wp-content\/uploads\/2024\/10\/IMG20241003103021-370x370.jpg 370w\" sizes=\"(max-width: 150px) 100vw, 150px\" \/><\/a>\n\t\t\t<\/div><\/figure>\n\t\t<\/div>\n\n","protected":false},"excerpt":{"rendered":"<p>Ba\u0161 cjenim tog \u010dovjeka, dugo se znamo!\u00a0 Julijano me stra\u0161no podsje\u0107a na tatinog tatu, mog dedu Juliija. Mudro\u0161\u0107u, strpljivo\u0161\u0107u, ljubavlju i predano\u0161\u0107u obitelji. Tako ga ja do\u017eivljavam. Stvarno u\u017eivam u svakom susretu i razgovoru! Bilo je tako i jutros na radiju. Ba\u0161 smo se lijepo podru\u017eili, razgovarali. Na\u017ealost, malo, premalo ...<\/p>\n","protected":false},"author":2,"featured_media":11483,"comment_status":"closed","ping_status":"open","sticky":false,"template":"","format":"audio","meta":{"footnotes":""},"categories":[72],"tags":[],"class_list":["post-11481","post","type-post","status-publish","format-audio","has-post-thumbnail","hentry","category-vijesti","post_format-post-format-audio"],"aioseo_notices":[],"_links":{"self":[{"href":"https:\/\/radiojadranka.hr\/index.php\/wp-json\/wp\/v2\/posts\/11481","targetHints":{"allow":["GET"]}}],"collection":[{"href":"https:\/\/radiojadranka.hr\/index.php\/wp-json\/wp\/v2\/posts"}],"about":[{"href":"https:\/\/radiojadranka.hr\/index.php\/wp-json\/wp\/v2\/types\/post"}],"author":[{"embeddable":true,"href":"https:\/\/radiojadranka.hr\/index.php\/wp-json\/wp\/v2\/users\/2"}],"replies":[{"embeddable":true,"href":"https:\/\/radiojadranka.hr\/index.php\/wp-json\/wp\/v2\/comments?post=11481"}],"version-history":[{"count":2,"href":"https:\/\/radiojadranka.hr\/index.php\/wp-json\/wp\/v2\/posts\/11481\/revisions"}],"predecessor-version":[{"id":11487,"href":"https:\/\/radiojadranka.hr\/index.php\/wp-json\/wp\/v2\/posts\/11481\/revisions\/11487"}],"wp:featuredmedia":[{"embeddable":true,"href":"https:\/\/radiojadranka.hr\/index.php\/wp-json\/wp\/v2\/media\/11483"}],"wp:attachment":[{"href":"https:\/\/radiojadranka.hr\/index.php\/wp-json\/wp\/v2\/media?parent=11481"}],"wp:term":[{"taxonomy":"category","embeddable":true,"href":"https:\/\/radiojadranka.hr\/index.php\/wp-json\/wp\/v2\/categories?post=11481"},{"taxonomy":"post_tag","embeddable":true,"href":"https:\/\/radiojadranka.hr\/index.php\/wp-json\/wp\/v2\/tags?post=11481"}],"curies":[{"name":"wp","href":"https:\/\/api.w.org\/{rel}","templated":true}]}}