{"id":11462,"date":"2024-10-01T12:22:54","date_gmt":"2024-10-01T10:22:54","guid":{"rendered":"https:\/\/radiojadranka.hr\/?p=11462"},"modified":"2024-10-01T12:22:54","modified_gmt":"2024-10-01T10:22:54","slug":"pomorska-policija-pronasla-jedrilicarku-u-uvali-artatore","status":"publish","type":"post","link":"https:\/\/radiojadranka.hr\/index.php\/2024\/10\/01\/pomorska-policija-pronasla-jedrilicarku-u-uvali-artatore\/","title":{"rendered":"Pomorska policija prona\u0161la jedrili\u010darku u uvali Artatore"},"content":{"rendered":"<p>Posada policijskog plovila P-214 Postaje pomorske policije Rijeka u subotu, 28. rujna, je na poziv Nacionalne sredi\u0161njice traganja i spa\u0161avanja sudjelovala u akciji traganja te isplovila prema Malom Lo\u0161inju radi pru\u017eanja pomo\u0107i dvoje jedrili\u010dara koji su u uvali Artatore do\u017eivjeli nesre\u0107u na moru.<\/p>\n<p>Rije\u010d je o dvoje hrvatskih dr\u017eavljana, starosti 38 i 48 godina, koji su na sportskoj jedrilici katamaran, du\u017eine \u0161est metara, u popodnevnim satima jedrili od uvale Artatore prema uvali Engleze u lo\u0161injskom akvatoriju.<\/p>\n<p>Tijekom jedrenja oko 17 sati puklo je jedro (spinaker) i udarilo u kormilo jedrilice od \u010dega se o\u0161tetilo, a prilikom nastavka jedrenja vjetar (bura) ih je odnio na rt Salzine gdje je 48-godi\u0161njakinja iza\u0161la na obalu, dok se 38-godi\u0161njak jedrilicom uputio prema lo\u0161injskom zaljevu kako bi potra\u017eio pomo\u0107. Me\u0111utim, od\u00a0ja\u010dine vjetra i velikih valova pao je u more, a jedrilica se nasukala na oto\u010di\u0107u Koludarc. U 19,15 sati ga je u moru zamijetio gra\u0111anin \u0161to je barkom prolazio na tom mjestu pa ga prevezao u uvalu Poljana.<\/p>\n<p><strong>Posada policijskog plovila je u nastavku traganja oko 20.40 sati prona\u0161la 48-godi\u0161nju hrvatsku dr\u017eavljanku izme\u0111u rta Salzine i uvala Zadnja te je ukrcali na brod i prevezli u marinu Mali Lo\u0161inj.<\/strong><\/p>\n<p><em>Ovo dvoje\u00a0jedrili\u010dara sre\u0107om nije ozlije\u0111eno u havariji, ali ovom prilikom\u00a0ponovo apeliramo na sve nauti\u010dare i druge osobe na moru da budu vrlo oprezni pri naumu plovidbe te stalno prate vremensku prognozu, osobito \u00a0pomorsku, kako bi izbjegli mogu\u0107e havarije na moru.<\/em><\/p>\n<p>Ina\u010de, uz ovu akciju traganja i spa\u0161avanja, u protekla \u010detiri mjeseca policijski slu\u017ebenici Postaje pomorske policije Rijeka sudjelovali su u jo\u0161 12 akcija traganja i spa\u0161avanja te pri tome prona\u0161li, odnosno spasili, osam stranih i troje hrvatskih dr\u017eavljana.<\/p>\n<p>Iz policijske uprave Primorsko &#8211; goranske apeliraju na sve nauti\u010dare i druge osobe na moru da budu vrlo oprezni pri naumu plovidbe te stalno prate vremensku prognozu kako bi izbjegli mogu\u0107e havarije na moru!<\/p>\n<p>foto: ilustracija<img fetchpriority=\"high\" decoding=\"async\" class=\"alignnone size-medium wp-image-11463\" src=\"https:\/\/radiojadranka.hr\/wp-content\/uploads\/2024\/10\/Policijski-gliser_2021-08-11-160646-770x412.jpg\" alt=\"\" width=\"770\" height=\"412\" srcset=\"https:\/\/radiojadranka.hr\/wp-content\/uploads\/2024\/10\/Policijski-gliser_2021-08-11-160646-770x412.jpg 770w, https:\/\/radiojadranka.hr\/wp-content\/uploads\/2024\/10\/Policijski-gliser_2021-08-11-160646-768x411.jpg 768w, https:\/\/radiojadranka.hr\/wp-content\/uploads\/2024\/10\/Policijski-gliser_2021-08-11-160646.jpg 860w\" sizes=\"(max-width: 770px) 100vw, 770px\" \/><\/p>\n","protected":false},"excerpt":{"rendered":"<p>Posada policijskog plovila P-214 Postaje pomorske policije Rijeka u subotu, 28. rujna, je na poziv Nacionalne sredi\u0161njice traganja i spa\u0161avanja sudjelovala u akciji traganja te isplovila prema Malom Lo\u0161inju radi pru\u017eanja pomo\u0107i dvoje jedrili\u010dara koji su u uvali Artatore do\u017eivjeli nesre\u0107u na moru. Rije\u010d je o dvoje hrvatskih dr\u017eavljana, starosti ...<\/p>\n","protected":false},"author":2,"featured_media":11463,"comment_status":"closed","ping_status":"open","sticky":false,"template":"","format":"audio","meta":{"footnotes":""},"categories":[72],"tags":[],"class_list":["post-11462","post","type-post","status-publish","format-audio","has-post-thumbnail","hentry","category-vijesti","post_format-post-format-audio"],"aioseo_notices":[],"_links":{"self":[{"href":"https:\/\/radiojadranka.hr\/index.php\/wp-json\/wp\/v2\/posts\/11462","targetHints":{"allow":["GET"]}}],"collection":[{"href":"https:\/\/radiojadranka.hr\/index.php\/wp-json\/wp\/v2\/posts"}],"about":[{"href":"https:\/\/radiojadranka.hr\/index.php\/wp-json\/wp\/v2\/types\/post"}],"author":[{"embeddable":true,"href":"https:\/\/radiojadranka.hr\/index.php\/wp-json\/wp\/v2\/users\/2"}],"replies":[{"embeddable":true,"href":"https:\/\/radiojadranka.hr\/index.php\/wp-json\/wp\/v2\/comments?post=11462"}],"version-history":[{"count":1,"href":"https:\/\/radiojadranka.hr\/index.php\/wp-json\/wp\/v2\/posts\/11462\/revisions"}],"predecessor-version":[{"id":11464,"href":"https:\/\/radiojadranka.hr\/index.php\/wp-json\/wp\/v2\/posts\/11462\/revisions\/11464"}],"wp:featuredmedia":[{"embeddable":true,"href":"https:\/\/radiojadranka.hr\/index.php\/wp-json\/wp\/v2\/media\/11463"}],"wp:attachment":[{"href":"https:\/\/radiojadranka.hr\/index.php\/wp-json\/wp\/v2\/media?parent=11462"}],"wp:term":[{"taxonomy":"category","embeddable":true,"href":"https:\/\/radiojadranka.hr\/index.php\/wp-json\/wp\/v2\/categories?post=11462"},{"taxonomy":"post_tag","embeddable":true,"href":"https:\/\/radiojadranka.hr\/index.php\/wp-json\/wp\/v2\/tags?post=11462"}],"curies":[{"name":"wp","href":"https:\/\/api.w.org\/{rel}","templated":true}]}}