{"id":11362,"date":"2024-09-16T11:13:12","date_gmt":"2024-09-16T09:13:12","guid":{"rendered":"https:\/\/radiojadranka.hr\/?p=11362"},"modified":"2024-09-16T13:31:21","modified_gmt":"2024-09-16T11:31:21","slug":"karmen-zaplovila-u-losinjskoj-luci","status":"publish","type":"post","link":"https:\/\/radiojadranka.hr\/index.php\/2024\/09\/16\/karmen-zaplovila-u-losinjskoj-luci\/","title":{"rendered":"&#8220;Karmen&#8221; zaplovila u lo\u0161injskoj luci!"},"content":{"rendered":"<p>U sklopu festivala &#8220;Losinava&#8221;, jutros, malo prije devet, u korjenu malolo\u0161injske luke, porinuta je jo\u0161 jedna brodica obnovljena kroz projekt &#8220;Drvo je prvo&#8221;. Brodica &#8220;Karmen&#8221; dobila je ime po djevoj\u010dici Karmen, k\u0107eri obitelji Tihomira i Patricije Kuljani\u0107, koji su barku prijavili na projekt Turisti\u010dke zajednice Mali Lo\u0161inj, pred gotovo dvije godine. Ogromnu podr\u0161ku dobili su i od tate Mladena Kuljani\u0107a koji je svojim znanjem i iskustvom doprinio da &#8220;Karmen&#8221; izgleda reprezentativno!<\/p>\n<p>Kroz ovaj projekt sufinancira se rekonstrukcija tradicionalnih drvenih barki, koje su ugovorom vzane uz aktivnosti Festivala Lo\u0161injskim jedrima oko svijeta &#8211; Losinava i odlazak na regate tradicijskih barki. Brodica Karmen izra\u0111ena je u Betini 1979. godine, napravljena za vlasnika u Krku. Kasnije ju je kupio Kre\u0161encio Leki\u0107 iz Nerezina, koji ju je poklonio &#8220;\u0160vicarcu&#8221; &#8211; vikenda\u0161u u Nerezinama. Dugo je stajala na kraju, a potom je poklonjena obitelji Kuljani\u0107 s ciljem obnove. Veliki zamah i ovom projektu dao je Ferdinand Zorovi\u0107 &#8211; Ferdi, koji je iskustvom kroz &#8220;Malu barku&#8221;, inicirao u turisti\u010dkoj zajednici &#8220;Drvo je prvo&#8221;!<\/p>\n<p>Cijeli festival Losinava, dobro je osimi\u0161ljen raznolikim programom uz pomo\u0107 tri udruge koje su svakog vikenda doma\u0107ini. Dobro je da se u njega uklju\u010duju odgojno-obrazovne ustanove, s druge strane \u0161teta je \u0161to se u same programe\u00a0 uklju\u010di premalo gra\u0111ana svojim iskustvom i ljubavlju prema ba\u0161tini. Te\u0161ko je povjerovati da nema jo\u0161 tradicijskih brodica na Lo\u0161inju koje bi se na trgu, pa i na rivi ako je trg premalen,<\/p>\n<p><strong> Projekt postoji, pare \u0107e se na\u0107i, poka\u017eimo na\u0161e barke, dobru volju, podru\u017eimo se, uklju\u010dimo se!\u00a0<\/strong><\/p>\n<p>U subotu pred nama je tradicijska regata u Nerezinama koju organizira \u0160karpina! Podr\u017eimo ih!<\/p>\n<p>Cilj ovog projekta je o\u010duvanje kulturnog naslje\u0111a gradnje brodova i brodica koje kao otok posjedujemo i to prvenstveno u drvu, prirodnom resursu koje zahtjeva brigu i znanje a sve s ciljem podizanja svijesti gra\u0111ana i gostiju o odr\u017eivom razvoju destinacije.<\/p>\n<p>Obnavljanjem tradicionalnih drvenih barki na ovom podru\u010dju, a koje \u0107e se nakon obnove koristiti kao izlo\u017ebeni primjerci ba\u0161tine na otvorenom, a ujedno i predstavljati na manifestacijama u regatama tradicijskih plovila i sli\u010dnim kulturno-turisti\u010dkim manifestacijama i sli\u010dnim aktivnostima vezanim za o\u010duvanje i valorizaciju pomorske ba\u0161tine.<\/p>\n<p><iframe title=\"Barka Karmen nakon obnove, pu\u0161ta se u more!\" width=\"1170\" height=\"658\" src=\"https:\/\/www.youtube.com\/embed\/n2mFURT0vHQ?feature=oembed\" frameborder=\"0\" allow=\"accelerometer; autoplay; clipboard-write; encrypted-media; gyroscope; picture-in-picture; web-share\" referrerpolicy=\"strict-origin-when-cross-origin\" allowfullscreen><\/iframe><\/p>\n<div id='gallery-1' class='gallery galleryid-11362 gallery-columns-3 gallery-size-thumbnail'><figure class='gallery-item'>\n\t\t\t<div class='gallery-icon landscape'>\n\t\t\t\t<a href='https:\/\/radiojadranka.hr\/index.php\/2024\/09\/16\/karmen-zaplovila-u-losinjskoj-luci\/javni-poziv-za-odabir-tradicijskih-barki-za-proved-638433390029007855_1600_900\/'><img decoding=\"async\" width=\"150\" height=\"150\" src=\"https:\/\/radiojadranka.hr\/wp-content\/uploads\/2024\/09\/javni-poziv-za-odabir-tradicijskih-barki-za-proved-638433390029007855_1600_900-150x150.jpeg\" class=\"attachment-thumbnail size-thumbnail\" alt=\"\" aria-describedby=\"gallery-1-11366\" srcset=\"https:\/\/radiojadranka.hr\/wp-content\/uploads\/2024\/09\/javni-poziv-za-odabir-tradicijskih-barki-za-proved-638433390029007855_1600_900-150x150.jpeg 150w, https:\/\/radiojadranka.hr\/wp-content\/uploads\/2024\/09\/javni-poziv-za-odabir-tradicijskih-barki-za-proved-638433390029007855_1600_900-100x100.jpeg 100w, https:\/\/radiojadranka.hr\/wp-content\/uploads\/2024\/09\/javni-poziv-za-odabir-tradicijskih-barki-za-proved-638433390029007855_1600_900-370x370.jpeg 370w\" sizes=\"(max-width: 150px) 100vw, 150px\" \/><\/a>\n\t\t\t<\/div>\n\t\t\t\t<figcaption class='wp-caption-text gallery-caption' id='gallery-1-11366'>\n\t\t\t\tBarka Karmen tijekom obnove\n\t\t\t\t<\/figcaption><\/figure><figure class='gallery-item'>\n\t\t\t<div class='gallery-icon landscape'>\n\t\t\t\t<a href='https:\/\/radiojadranka.hr\/index.php\/2024\/09\/16\/karmen-zaplovila-u-losinjskoj-luci\/img20240916083505_01a\/'><img decoding=\"async\" width=\"150\" height=\"150\" src=\"https:\/\/radiojadranka.hr\/wp-content\/uploads\/2024\/09\/IMG20240916083505_01A-150x150.jpg\" class=\"attachment-thumbnail size-thumbnail\" alt=\"\" aria-describedby=\"gallery-1-11365\" srcset=\"https:\/\/radiojadranka.hr\/wp-content\/uploads\/2024\/09\/IMG20240916083505_01A-150x150.jpg 150w, https:\/\/radiojadranka.hr\/wp-content\/uploads\/2024\/09\/IMG20240916083505_01A-100x100.jpg 100w, https:\/\/radiojadranka.hr\/wp-content\/uploads\/2024\/09\/IMG20240916083505_01A-370x370.jpg 370w\" sizes=\"(max-width: 150px) 100vw, 150px\" \/><\/a>\n\t\t\t<\/div>\n\t\t\t\t<figcaption class='wp-caption-text gallery-caption' id='gallery-1-11365'>\n\t\t\t\tSandro Jurasi\u0107 prevozi barku do mora!\n\t\t\t\t<\/figcaption><\/figure><figure class='gallery-item'>\n\t\t\t<div class='gallery-icon portrait'>\n\t\t\t\t<a href='https:\/\/radiojadranka.hr\/index.php\/2024\/09\/16\/karmen-zaplovila-u-losinjskoj-luci\/img20240916085000_03\/'><img decoding=\"async\" width=\"150\" height=\"150\" src=\"https:\/\/radiojadranka.hr\/wp-content\/uploads\/2024\/09\/IMG20240916085000_03-150x150.jpg\" class=\"attachment-thumbnail size-thumbnail\" alt=\"\" aria-describedby=\"gallery-1-11364\" srcset=\"https:\/\/radiojadranka.hr\/wp-content\/uploads\/2024\/09\/IMG20240916085000_03-150x150.jpg 150w, https:\/\/radiojadranka.hr\/wp-content\/uploads\/2024\/09\/IMG20240916085000_03-100x100.jpg 100w, https:\/\/radiojadranka.hr\/wp-content\/uploads\/2024\/09\/IMG20240916085000_03-370x370.jpg 370w\" sizes=\"(max-width: 150px) 100vw, 150px\" \/><\/a>\n\t\t\t<\/div>\n\t\t\t\t<figcaption class='wp-caption-text gallery-caption' id='gallery-1-11364'>\n\t\t\t\tTihomir i Mladen uz &#8220;Karmen&#8221;\n\t\t\t\t<\/figcaption><\/figure><figure class='gallery-item'>\n\t\t\t<div class='gallery-icon landscape'>\n\t\t\t\t<a href='https:\/\/radiojadranka.hr\/index.php\/2024\/09\/16\/karmen-zaplovila-u-losinjskoj-luci\/img-20240916-wa0027\/'><img loading=\"lazy\" decoding=\"async\" width=\"150\" height=\"150\" src=\"https:\/\/radiojadranka.hr\/wp-content\/uploads\/2024\/09\/IMG-20240916-WA0027-150x150.jpg\" class=\"attachment-thumbnail size-thumbnail\" alt=\"\" srcset=\"https:\/\/radiojadranka.hr\/wp-content\/uploads\/2024\/09\/IMG-20240916-WA0027-150x150.jpg 150w, https:\/\/radiojadranka.hr\/wp-content\/uploads\/2024\/09\/IMG-20240916-WA0027-100x100.jpg 100w, https:\/\/radiojadranka.hr\/wp-content\/uploads\/2024\/09\/IMG-20240916-WA0027-370x370.jpg 370w\" sizes=\"(max-width: 150px) 100vw, 150px\" \/><\/a>\n\t\t\t<\/div><\/figure><figure class='gallery-item'>\n\t\t\t<div class='gallery-icon landscape'>\n\t\t\t\t<a href='https:\/\/radiojadranka.hr\/index.php\/2024\/09\/16\/karmen-zaplovila-u-losinjskoj-luci\/javni-poziv-za-odabir-tradicijskih-barki-za-proved-638433390403656805_1600_900\/'><img loading=\"lazy\" decoding=\"async\" width=\"150\" height=\"150\" src=\"https:\/\/radiojadranka.hr\/wp-content\/uploads\/2024\/09\/javni-poziv-za-odabir-tradicijskih-barki-za-proved-638433390403656805_1600_900-150x150.jpeg\" class=\"attachment-thumbnail size-thumbnail\" alt=\"\" aria-describedby=\"gallery-1-11367\" srcset=\"https:\/\/radiojadranka.hr\/wp-content\/uploads\/2024\/09\/javni-poziv-za-odabir-tradicijskih-barki-za-proved-638433390403656805_1600_900-150x150.jpeg 150w, https:\/\/radiojadranka.hr\/wp-content\/uploads\/2024\/09\/javni-poziv-za-odabir-tradicijskih-barki-za-proved-638433390403656805_1600_900-100x100.jpeg 100w, https:\/\/radiojadranka.hr\/wp-content\/uploads\/2024\/09\/javni-poziv-za-odabir-tradicijskih-barki-za-proved-638433390403656805_1600_900-370x370.jpeg 370w\" sizes=\"(max-width: 150px) 100vw, 150px\" \/><\/a>\n\t\t\t<\/div>\n\t\t\t\t<figcaption class='wp-caption-text gallery-caption' id='gallery-1-11367'>\n\t\t\t\tTradicijske brodice izlo\u017eene na Trgu Republike Hrvatske u Malom Lo\u0161inju\n\t\t\t\t<\/figcaption><\/figure>\n\t\t<\/div>\n\n","protected":false},"excerpt":{"rendered":"<p>U sklopu festivala &#8220;Losinava&#8221;, jutros, malo prije devet, u korjenu malolo\u0161injske luke, porinuta je jo\u0161 jedna brodica obnovljena kroz projekt &#8220;Drvo je prvo&#8221;. Brodica &#8220;Karmen&#8221; dobila je ime po djevoj\u010dici Karmen, k\u0107eri obitelji Tihomira i Patricije Kuljani\u0107, koji su barku prijavili na projekt Turisti\u010dke zajednice Mali Lo\u0161inj, pred gotovo dvije ...<\/p>\n","protected":false},"author":2,"featured_media":11392,"comment_status":"closed","ping_status":"open","sticky":false,"template":"","format":"audio","meta":{"footnotes":""},"categories":[72],"tags":[],"class_list":["post-11362","post","type-post","status-publish","format-audio","has-post-thumbnail","hentry","category-vijesti","post_format-post-format-audio"],"aioseo_notices":[],"_links":{"self":[{"href":"https:\/\/radiojadranka.hr\/index.php\/wp-json\/wp\/v2\/posts\/11362","targetHints":{"allow":["GET"]}}],"collection":[{"href":"https:\/\/radiojadranka.hr\/index.php\/wp-json\/wp\/v2\/posts"}],"about":[{"href":"https:\/\/radiojadranka.hr\/index.php\/wp-json\/wp\/v2\/types\/post"}],"author":[{"embeddable":true,"href":"https:\/\/radiojadranka.hr\/index.php\/wp-json\/wp\/v2\/users\/2"}],"replies":[{"embeddable":true,"href":"https:\/\/radiojadranka.hr\/index.php\/wp-json\/wp\/v2\/comments?post=11362"}],"version-history":[{"count":5,"href":"https:\/\/radiojadranka.hr\/index.php\/wp-json\/wp\/v2\/posts\/11362\/revisions"}],"predecessor-version":[{"id":11393,"href":"https:\/\/radiojadranka.hr\/index.php\/wp-json\/wp\/v2\/posts\/11362\/revisions\/11393"}],"wp:featuredmedia":[{"embeddable":true,"href":"https:\/\/radiojadranka.hr\/index.php\/wp-json\/wp\/v2\/media\/11392"}],"wp:attachment":[{"href":"https:\/\/radiojadranka.hr\/index.php\/wp-json\/wp\/v2\/media?parent=11362"}],"wp:term":[{"taxonomy":"category","embeddable":true,"href":"https:\/\/radiojadranka.hr\/index.php\/wp-json\/wp\/v2\/categories?post=11362"},{"taxonomy":"post_tag","embeddable":true,"href":"https:\/\/radiojadranka.hr\/index.php\/wp-json\/wp\/v2\/tags?post=11362"}],"curies":[{"name":"wp","href":"https:\/\/api.w.org\/{rel}","templated":true}]}}