{"id":11269,"date":"2024-08-28T10:35:01","date_gmt":"2024-08-28T08:35:01","guid":{"rendered":"https:\/\/radiojadranka.hr\/?p=11269"},"modified":"2024-08-28T10:35:01","modified_gmt":"2024-08-28T08:35:01","slug":"potok-zagrebackom-ulicom","status":"publish","type":"post","link":"https:\/\/radiojadranka.hr\/index.php\/2024\/08\/28\/potok-zagrebackom-ulicom\/","title":{"rendered":"Potok Zagreba\u010dkom ulicom"},"content":{"rendered":"<div dir=\"auto\">Neobi\u010dan prizor ju\u010der oko 20 sati iznenadio je stanovnike i posjetitelje na\u0161eg grada. Velika vodena bujica spustila se iz Zagreba\u010dke ulice prema samom centru. Naime, do\u0161lo je do puknu\u0107a vodovodne cijevi.<\/div>\n<div dir=\"auto\">Vi\u0161e informacija doznali smo u na\u0161oj informativnoj emisiji od direktora Vodoopskrbe i odvodnje Cres Lo\u0161inj Nevena Kruljca <span class=\"html-span xexx8yu x4uap5 x18d9i69 xkhd6sd x1hl2dhg x16tdsg8 x1vvkbs x3nfvp2 x1j61x8r x1fcty0u xdj266r xat24cr xgzva0m xhhsvwb xxymvpz xlup9mm x1kky2od\"><img decoding=\"async\" class=\"xz74otr\" src=\"https:\/\/static.xx.fbcdn.net\/images\/emoji.php\/v9\/t20\/1\/16\/2b07.png\" alt=\"\u2b07\ufe0f\" width=\"16\" height=\"16\" \/><\/span><\/div>\n<div dir=\"auto\"><\/div>\n<div dir=\"auto\"><\/div>\n<div dir=\"auto\"><\/div>\n<p><iframe title=\"280824 Neven Kruljic\" width=\"100%\" height=\"120\" src=\"https:\/\/www.mixcloud.com\/widget\/iframe\/?feed=https%3A%2F%2Fwww.mixcloud.com%2Fradio_jadranka%2F280824-neven-kruljic%2F&amp;hide_cover=1\" frameborder=\"0\"><\/iframe><\/p>\n<div dir=\"auto\"><\/div>\n<div dir=\"auto\"><\/div>\n<div dir=\"auto\"><\/div>\n<div dir=\"auto\"><\/div>\n<div dir=\"auto\"><img fetchpriority=\"high\" decoding=\"async\" class=\"alignnone  wp-image-11270\" src=\"https:\/\/radiojadranka.hr\/wp-content\/uploads\/2024\/08\/456995874_526856946566757_6173983621590503729_n.jpg\" alt=\"\" width=\"379\" height=\"505\" \/>\u00a0 \u00a0 \u00a0 \u00a0 \u00a0 <img decoding=\"async\" class=\"alignnone  wp-image-11273\" src=\"https:\/\/radiojadranka.hr\/wp-content\/uploads\/2024\/08\/1724832669478.jpg\" alt=\"\" width=\"258\" height=\"506\" \/><\/div>\n<p>&nbsp;<\/p>\n","protected":false},"excerpt":{"rendered":"<p>Neobi\u010dan prizor ju\u010der oko 20 sati iznenadio je stanovnike i posjetitelje na\u0161eg grada. Velika vodena bujica spustila se iz Zagreba\u010dke ulice prema samom centru. Naime, do\u0161lo je do puknu\u0107a vodovodne cijevi. Vi\u0161e informacija doznali smo u na\u0161oj informativnoj emisiji od direktora Vodoopskrbe i odvodnje Cres Lo\u0161inj Nevena Kruljca \u00a0 \u00a0 ...<\/p>\n","protected":false},"author":4,"featured_media":11271,"comment_status":"closed","ping_status":"open","sticky":false,"template":"","format":"audio","meta":{"footnotes":""},"categories":[72],"tags":[],"class_list":["post-11269","post","type-post","status-publish","format-audio","has-post-thumbnail","hentry","category-vijesti","post_format-post-format-audio"],"aioseo_notices":[],"_links":{"self":[{"href":"https:\/\/radiojadranka.hr\/index.php\/wp-json\/wp\/v2\/posts\/11269","targetHints":{"allow":["GET"]}}],"collection":[{"href":"https:\/\/radiojadranka.hr\/index.php\/wp-json\/wp\/v2\/posts"}],"about":[{"href":"https:\/\/radiojadranka.hr\/index.php\/wp-json\/wp\/v2\/types\/post"}],"author":[{"embeddable":true,"href":"https:\/\/radiojadranka.hr\/index.php\/wp-json\/wp\/v2\/users\/4"}],"replies":[{"embeddable":true,"href":"https:\/\/radiojadranka.hr\/index.php\/wp-json\/wp\/v2\/comments?post=11269"}],"version-history":[{"count":3,"href":"https:\/\/radiojadranka.hr\/index.php\/wp-json\/wp\/v2\/posts\/11269\/revisions"}],"predecessor-version":[{"id":11276,"href":"https:\/\/radiojadranka.hr\/index.php\/wp-json\/wp\/v2\/posts\/11269\/revisions\/11276"}],"wp:featuredmedia":[{"embeddable":true,"href":"https:\/\/radiojadranka.hr\/index.php\/wp-json\/wp\/v2\/media\/11271"}],"wp:attachment":[{"href":"https:\/\/radiojadranka.hr\/index.php\/wp-json\/wp\/v2\/media?parent=11269"}],"wp:term":[{"taxonomy":"category","embeddable":true,"href":"https:\/\/radiojadranka.hr\/index.php\/wp-json\/wp\/v2\/categories?post=11269"},{"taxonomy":"post_tag","embeddable":true,"href":"https:\/\/radiojadranka.hr\/index.php\/wp-json\/wp\/v2\/tags?post=11269"}],"curies":[{"name":"wp","href":"https:\/\/api.w.org\/{rel}","templated":true}]}}