{"id":11145,"date":"2024-08-01T14:00:00","date_gmt":"2024-08-01T12:00:00","guid":{"rendered":"https:\/\/radiojadranka.hr\/?p=11145"},"modified":"2024-08-20T08:42:37","modified_gmt":"2024-08-20T06:42:37","slug":"price-s-virtualne-palube","status":"publish","type":"post","link":"https:\/\/radiojadranka.hr\/index.php\/2024\/08\/01\/price-s-virtualne-palube\/","title":{"rendered":"Pri\u010de s virtualne palube"},"content":{"rendered":"<p>Uz pomo\u0107 virtualne stvarnosti, imate priliku do\u017eivjeti nezaboravno iskustvo isplovljavanja i plovidbu logerom \u201cNerezinac\u201d!<\/p>\n<p>Sada \u00a0je na na\u0161em logeru dostupna jo\u0161 jedna atrakcija, u kojoj \u0107ete uz VR nao\u010dale i slu\u0161alice postati tako zvani \u201estari oto\u010dan\u201c.<\/p>\n<p>U trideset minuta do\u017eivjet \u0107ete oluje, valove, maglu i jo\u0161 puno vi\u0161e te saznati kako su se s tim neprilikama suo\u010davali oto\u010dani u 19. stolje\u0107u.<\/p>\n<p>Virtualni razgled mogu\u0107 je na hrvatskom i engleskom, radno vrijeme u kolovozu je od utorka do nedjelje, od 10 do 12 sati te od 19 do 22 sata, a u rujnu\u00a0 tako\u0111er od utorka do nedjelje, od 10 do 12 sati i od 18 do 21 sat.<\/p>\n<p><iframe title=\"010824 Pri\u010de S Virtualne Palube\" width=\"100%\" height=\"120\" src=\"https:\/\/www.mixcloud.com\/widget\/iframe\/?feed=https%3A%2F%2Fwww.mixcloud.com%2Fradio_jadranka%2F010824-pri%25C4%258De-s-virtualne-palube%2F&amp;hide_cover=1\" frameborder=\"0\"><\/iframe><\/p>\n<p><img fetchpriority=\"high\" decoding=\"async\" class=\"size-medium wp-image-11146 alignleft\" src=\"https:\/\/radiojadranka.hr\/wp-content\/uploads\/2024\/08\/loger-nerezinac-interpretacijski-centar-770x513.jpeg\" alt=\"\" width=\"770\" height=\"513\" srcset=\"https:\/\/radiojadranka.hr\/wp-content\/uploads\/2024\/08\/loger-nerezinac-interpretacijski-centar-770x513.jpeg 770w, https:\/\/radiojadranka.hr\/wp-content\/uploads\/2024\/08\/loger-nerezinac-interpretacijski-centar-1170x780.jpeg 1170w, https:\/\/radiojadranka.hr\/wp-content\/uploads\/2024\/08\/loger-nerezinac-interpretacijski-centar-768x512.jpeg 768w, https:\/\/radiojadranka.hr\/wp-content\/uploads\/2024\/08\/loger-nerezinac-interpretacijski-centar.jpeg 1263w\" sizes=\"(max-width: 770px) 100vw, 770px\" \/> <img decoding=\"async\" class=\"size-medium wp-image-11147 alignright\" src=\"https:\/\/radiojadranka.hr\/wp-content\/uploads\/2024\/08\/losinjski-loger-nerezinac-770x433.jpeg\" alt=\"\" width=\"770\" height=\"433\" srcset=\"https:\/\/radiojadranka.hr\/wp-content\/uploads\/2024\/08\/losinjski-loger-nerezinac-770x433.jpeg 770w, https:\/\/radiojadranka.hr\/wp-content\/uploads\/2024\/08\/losinjski-loger-nerezinac-1170x659.jpeg 1170w, https:\/\/radiojadranka.hr\/wp-content\/uploads\/2024\/08\/losinjski-loger-nerezinac-768x432.jpeg 768w, https:\/\/radiojadranka.hr\/wp-content\/uploads\/2024\/08\/losinjski-loger-nerezinac-1536x864.jpeg 1536w, https:\/\/radiojadranka.hr\/wp-content\/uploads\/2024\/08\/losinjski-loger-nerezinac.jpeg 1560w\" sizes=\"(max-width: 770px) 100vw, 770px\" \/><\/p>\n","protected":false},"excerpt":{"rendered":"<p>Uz pomo\u0107 virtualne stvarnosti, imate priliku do\u017eivjeti nezaboravno iskustvo isplovljavanja i plovidbu logerom \u201cNerezinac\u201d! Sada \u00a0je na na\u0161em logeru dostupna jo\u0161 jedna atrakcija, u kojoj \u0107ete uz VR nao\u010dale i slu\u0161alice postati tako zvani \u201estari oto\u010dan\u201c. U trideset minuta do\u017eivjet \u0107ete oluje, valove, maglu i jo\u0161 puno vi\u0161e te saznati ...<\/p>\n","protected":false},"author":4,"featured_media":11148,"comment_status":"closed","ping_status":"open","sticky":false,"template":"","format":"audio","meta":{"footnotes":""},"categories":[72],"tags":[],"class_list":["post-11145","post","type-post","status-publish","format-audio","has-post-thumbnail","hentry","category-vijesti","post_format-post-format-audio"],"aioseo_notices":[],"_links":{"self":[{"href":"https:\/\/radiojadranka.hr\/index.php\/wp-json\/wp\/v2\/posts\/11145","targetHints":{"allow":["GET"]}}],"collection":[{"href":"https:\/\/radiojadranka.hr\/index.php\/wp-json\/wp\/v2\/posts"}],"about":[{"href":"https:\/\/radiojadranka.hr\/index.php\/wp-json\/wp\/v2\/types\/post"}],"author":[{"embeddable":true,"href":"https:\/\/radiojadranka.hr\/index.php\/wp-json\/wp\/v2\/users\/4"}],"replies":[{"embeddable":true,"href":"https:\/\/radiojadranka.hr\/index.php\/wp-json\/wp\/v2\/comments?post=11145"}],"version-history":[{"count":1,"href":"https:\/\/radiojadranka.hr\/index.php\/wp-json\/wp\/v2\/posts\/11145\/revisions"}],"predecessor-version":[{"id":11149,"href":"https:\/\/radiojadranka.hr\/index.php\/wp-json\/wp\/v2\/posts\/11145\/revisions\/11149"}],"wp:featuredmedia":[{"embeddable":true,"href":"https:\/\/radiojadranka.hr\/index.php\/wp-json\/wp\/v2\/media\/11148"}],"wp:attachment":[{"href":"https:\/\/radiojadranka.hr\/index.php\/wp-json\/wp\/v2\/media?parent=11145"}],"wp:term":[{"taxonomy":"category","embeddable":true,"href":"https:\/\/radiojadranka.hr\/index.php\/wp-json\/wp\/v2\/categories?post=11145"},{"taxonomy":"post_tag","embeddable":true,"href":"https:\/\/radiojadranka.hr\/index.php\/wp-json\/wp\/v2\/tags?post=11145"}],"curies":[{"name":"wp","href":"https:\/\/api.w.org\/{rel}","templated":true}]}}