{"id":11109,"date":"2024-07-24T15:03:11","date_gmt":"2024-07-24T13:03:11","guid":{"rendered":"https:\/\/radiojadranka.hr\/?p=11109"},"modified":"2024-08-20T08:42:37","modified_gmt":"2024-08-20T06:42:37","slug":"dvadeseto-izdanje-jazz-festivala-u-losinju","status":"publish","type":"post","link":"https:\/\/radiojadranka.hr\/index.php\/2024\/07\/24\/dvadeseto-izdanje-jazz-festivala-u-losinju\/","title":{"rendered":"Dvadeseto izdanje Jazz festivala u Lo\u0161inju"},"content":{"rendered":"<p>Jubilarni, 20. jazz festival Lo\u0161inj danas \u0107e se otvoriti koncertom na glavnom gradskom trgu u Malom Lo\u0161inju.<\/p>\n<p>Prva ve\u010der donosi koncert Raphael Wressnig trija ft Lex the Funky bastard, po\u010detak koncerta je u 21 sat.<\/p>\n<p>Preostale dvije ve\u010deri festivala odr\u017eat \u0107e se na ljetnoj pozornici kina Vladimira Nazora, 26. i 27. srpnja s po\u010detkom u 21 i 30.<\/p>\n<p>Sve o 20. izdanju Jazz festivala Lo\u0161inj doznali smo u razgovoru s glavnim organizatorom i pokreta\u010dem Zoranom Jaegerom Jexom.<\/p>\n<p>&nbsp;<\/p>\n<p>&nbsp;<\/p>\n<p><iframe title=\"240724 20. Jazz Festival Lo\u0161inj\" width=\"100%\" height=\"120\" src=\"https:\/\/www.mixcloud.com\/widget\/iframe\/?feed=https%3A%2F%2Fwww.mixcloud.com%2Fradio_jadranka%2F20-jazz-festival%2F&amp;hide_cover=1\" frameborder=\"0\"><\/iframe><\/p>\n<p>&nbsp;<\/p>\n<p>&nbsp;<\/p>\n","protected":false},"excerpt":{"rendered":"<p>Jubilarni, 20. jazz festival Lo\u0161inj danas \u0107e se otvoriti koncertom na glavnom gradskom trgu u Malom Lo\u0161inju. Prva ve\u010der donosi koncert Raphael Wressnig trija ft Lex the Funky bastard, po\u010detak koncerta je u 21 sat. Preostale dvije ve\u010deri festivala odr\u017eat \u0107e se na ljetnoj pozornici kina Vladimira Nazora, 26. i ...<\/p>\n","protected":false},"author":4,"featured_media":11111,"comment_status":"closed","ping_status":"open","sticky":false,"template":"","format":"audio","meta":{"footnotes":""},"categories":[72],"tags":[],"class_list":["post-11109","post","type-post","status-publish","format-audio","has-post-thumbnail","hentry","category-vijesti","post_format-post-format-audio"],"aioseo_notices":[],"_links":{"self":[{"href":"https:\/\/radiojadranka.hr\/index.php\/wp-json\/wp\/v2\/posts\/11109","targetHints":{"allow":["GET"]}}],"collection":[{"href":"https:\/\/radiojadranka.hr\/index.php\/wp-json\/wp\/v2\/posts"}],"about":[{"href":"https:\/\/radiojadranka.hr\/index.php\/wp-json\/wp\/v2\/types\/post"}],"author":[{"embeddable":true,"href":"https:\/\/radiojadranka.hr\/index.php\/wp-json\/wp\/v2\/users\/4"}],"replies":[{"embeddable":true,"href":"https:\/\/radiojadranka.hr\/index.php\/wp-json\/wp\/v2\/comments?post=11109"}],"version-history":[{"count":1,"href":"https:\/\/radiojadranka.hr\/index.php\/wp-json\/wp\/v2\/posts\/11109\/revisions"}],"predecessor-version":[{"id":11112,"href":"https:\/\/radiojadranka.hr\/index.php\/wp-json\/wp\/v2\/posts\/11109\/revisions\/11112"}],"wp:featuredmedia":[{"embeddable":true,"href":"https:\/\/radiojadranka.hr\/index.php\/wp-json\/wp\/v2\/media\/11111"}],"wp:attachment":[{"href":"https:\/\/radiojadranka.hr\/index.php\/wp-json\/wp\/v2\/media?parent=11109"}],"wp:term":[{"taxonomy":"category","embeddable":true,"href":"https:\/\/radiojadranka.hr\/index.php\/wp-json\/wp\/v2\/categories?post=11109"},{"taxonomy":"post_tag","embeddable":true,"href":"https:\/\/radiojadranka.hr\/index.php\/wp-json\/wp\/v2\/tags?post=11109"}],"curies":[{"name":"wp","href":"https:\/\/api.w.org\/{rel}","templated":true}]}}