{"id":11103,"date":"2024-07-24T12:46:53","date_gmt":"2024-07-24T10:46:53","guid":{"rendered":"https:\/\/radiojadranka.hr\/?p=11103"},"modified":"2024-08-20T08:42:37","modified_gmt":"2024-08-20T06:42:37","slug":"skolski-brod-palinuro-dosao-je-i-do-luke-mali-losinj","status":"publish","type":"post","link":"https:\/\/radiojadranka.hr\/index.php\/2024\/07\/24\/skolski-brod-palinuro-dosao-je-i-do-luke-mali-losinj\/","title":{"rendered":"\u0160kolski brod Palinuro do\u0161ao je i do luke Mali Lo\u0161inj!"},"content":{"rendered":"<p>Nakon zavr\u0161etka etape u Trstu i ukrcavanja polaznika druge godine redovnog te\u010daja za mar\u0161ale iz kategorije nauti\u010dara \u0160kole za pod\u010dasnike u Tarantu, \u0161kolski brod Palinuro do\u0161ao je i do luke Mali Lo\u0161inj.<\/p>\n<p>Tom \u0107e se prilikom odati po\u010dast grobu admirala Agostina Straulina, osvaja\u010da zlatne medalje u jedrenju na Olimpijskim igrama u Helsinkiju 1952. godine i zapovjednika \u0161kolskog broda Vespucci.<\/p>\n<p>Intenzivan program za \u0161kolski brod usmjeren je na obuku i prou\u010davanje tradicija Vojne mornarice, a namijenjen je i entuzijastima i posjetiteljima.<\/p>\n<p>Ovaj brod mo\u0107i \u0107e se i razgledati u na\u0161oj luci sutra u srijedu od 16:00 do 20:00 sati, te u \u010cetvrtak, 25. srpnja, od 14:00 do 18:00 sati<\/p>\n<p>&nbsp;<\/p>\n<p><img fetchpriority=\"high\" decoding=\"async\" class=\"size-medium wp-image-11104\" src=\"https:\/\/radiojadranka.hr\/wp-content\/uploads\/2024\/07\/IMG20240724105351-770x580.jpg\" alt=\"\" width=\"770\" height=\"580\" srcset=\"https:\/\/radiojadranka.hr\/wp-content\/uploads\/2024\/07\/IMG20240724105351-770x580.jpg 770w, https:\/\/radiojadranka.hr\/wp-content\/uploads\/2024\/07\/IMG20240724105351-1170x881.jpg 1170w, https:\/\/radiojadranka.hr\/wp-content\/uploads\/2024\/07\/IMG20240724105351-768x578.jpg 768w, https:\/\/radiojadranka.hr\/wp-content\/uploads\/2024\/07\/IMG20240724105351-1536x1157.jpg 1536w, https:\/\/radiojadranka.hr\/wp-content\/uploads\/2024\/07\/IMG20240724105351-2048x1542.jpg 2048w\" sizes=\"(max-width: 770px) 100vw, 770px\" \/><\/p>\n<p><img decoding=\"async\" class=\"size-medium wp-image-11106\" src=\"https:\/\/radiojadranka.hr\/wp-content\/uploads\/2024\/07\/IMG20240724104603-770x580.jpg\" alt=\"\" width=\"770\" height=\"580\" srcset=\"https:\/\/radiojadranka.hr\/wp-content\/uploads\/2024\/07\/IMG20240724104603-770x580.jpg 770w, https:\/\/radiojadranka.hr\/wp-content\/uploads\/2024\/07\/IMG20240724104603-1170x881.jpg 1170w, https:\/\/radiojadranka.hr\/wp-content\/uploads\/2024\/07\/IMG20240724104603-768x578.jpg 768w, https:\/\/radiojadranka.hr\/wp-content\/uploads\/2024\/07\/IMG20240724104603-1536x1157.jpg 1536w, https:\/\/radiojadranka.hr\/wp-content\/uploads\/2024\/07\/IMG20240724104603-2048x1542.jpg 2048w\" sizes=\"(max-width: 770px) 100vw, 770px\" \/><\/p>\n<p><img decoding=\"async\" class=\"size-medium wp-image-11105\" src=\"https:\/\/radiojadranka.hr\/wp-content\/uploads\/2024\/07\/IMG20240724102706-770x580.jpg\" alt=\"\" width=\"770\" height=\"580\" srcset=\"https:\/\/radiojadranka.hr\/wp-content\/uploads\/2024\/07\/IMG20240724102706-770x580.jpg 770w, https:\/\/radiojadranka.hr\/wp-content\/uploads\/2024\/07\/IMG20240724102706-1170x881.jpg 1170w, https:\/\/radiojadranka.hr\/wp-content\/uploads\/2024\/07\/IMG20240724102706-768x578.jpg 768w, https:\/\/radiojadranka.hr\/wp-content\/uploads\/2024\/07\/IMG20240724102706-1536x1157.jpg 1536w, https:\/\/radiojadranka.hr\/wp-content\/uploads\/2024\/07\/IMG20240724102706-2048x1542.jpg 2048w\" sizes=\"(max-width: 770px) 100vw, 770px\" \/><\/p>\n","protected":false},"excerpt":{"rendered":"<p>Nakon zavr\u0161etka etape u Trstu i ukrcavanja polaznika druge godine redovnog te\u010daja za mar\u0161ale iz kategorije nauti\u010dara \u0160kole za pod\u010dasnike u Tarantu, \u0161kolski brod Palinuro do\u0161ao je i do luke Mali Lo\u0161inj. Tom \u0107e se prilikom odati po\u010dast grobu admirala Agostina Straulina, osvaja\u010da zlatne medalje u jedrenju na Olimpijskim igrama ...<\/p>\n","protected":false},"author":4,"featured_media":11105,"comment_status":"closed","ping_status":"open","sticky":false,"template":"","format":"standard","meta":{"footnotes":""},"categories":[72],"tags":[],"class_list":["post-11103","post","type-post","status-publish","format-standard","has-post-thumbnail","hentry","category-vijesti"],"aioseo_notices":[],"_links":{"self":[{"href":"https:\/\/radiojadranka.hr\/index.php\/wp-json\/wp\/v2\/posts\/11103","targetHints":{"allow":["GET"]}}],"collection":[{"href":"https:\/\/radiojadranka.hr\/index.php\/wp-json\/wp\/v2\/posts"}],"about":[{"href":"https:\/\/radiojadranka.hr\/index.php\/wp-json\/wp\/v2\/types\/post"}],"author":[{"embeddable":true,"href":"https:\/\/radiojadranka.hr\/index.php\/wp-json\/wp\/v2\/users\/4"}],"replies":[{"embeddable":true,"href":"https:\/\/radiojadranka.hr\/index.php\/wp-json\/wp\/v2\/comments?post=11103"}],"version-history":[{"count":2,"href":"https:\/\/radiojadranka.hr\/index.php\/wp-json\/wp\/v2\/posts\/11103\/revisions"}],"predecessor-version":[{"id":11108,"href":"https:\/\/radiojadranka.hr\/index.php\/wp-json\/wp\/v2\/posts\/11103\/revisions\/11108"}],"wp:featuredmedia":[{"embeddable":true,"href":"https:\/\/radiojadranka.hr\/index.php\/wp-json\/wp\/v2\/media\/11105"}],"wp:attachment":[{"href":"https:\/\/radiojadranka.hr\/index.php\/wp-json\/wp\/v2\/media?parent=11103"}],"wp:term":[{"taxonomy":"category","embeddable":true,"href":"https:\/\/radiojadranka.hr\/index.php\/wp-json\/wp\/v2\/categories?post=11103"},{"taxonomy":"post_tag","embeddable":true,"href":"https:\/\/radiojadranka.hr\/index.php\/wp-json\/wp\/v2\/tags?post=11103"}],"curies":[{"name":"wp","href":"https:\/\/api.w.org\/{rel}","templated":true}]}}