{"id":11093,"date":"2024-07-23T09:50:13","date_gmt":"2024-07-23T07:50:13","guid":{"rendered":"https:\/\/radiojadranka.hr\/?p=11093"},"modified":"2024-08-20T08:42:37","modified_gmt":"2024-08-20T06:42:37","slug":"20-izdanje-jazz-festivala-losinj","status":"publish","type":"post","link":"https:\/\/radiojadranka.hr\/index.php\/2024\/07\/23\/20-izdanje-jazz-festivala-losinj\/","title":{"rendered":"20. Izdanje Jazz festivala Lo\u0161inj"},"content":{"rendered":"<p>Jubilarni, 20. jazz festival Lo\u0161inj sutra \u0107e se otvoriti koncertom na Trgu Republike Hrvatske u Malom Lo\u0161inju.<\/p>\n<p>Organizacijski team pod vodstvom gitarista i skladatelja Zorana Jexa Jaegera, \u0161efa kultnog funk banda The Bastardz, odlu\u010dio se za zanimljiv, kvalitetan i raznolik program.<\/p>\n<p>Prva ve\u010der dakle na Trgu, Raphael Wressnig trio ft Jex the Funky bastard, po\u010detak koncerta sutra u 21 sat.<\/p>\n<p>Preostale dvije ve\u010deri festivala odr\u017eat \u0107e se na ljetnoj pozornici kina Vladimira Nazora, 26.7. &#8211; Tihomir POP Asanovi\u0107, Mali lo\u0161inj, ljetna pozornica kina V. Nazora, u 21:30 sati<br \/>\n27.7. &#8211; Marius Preda Evolution Trio, Mali Lo\u0161inj, ljetna pozornica kina V. Nazora, u 21:30 sati!<\/p>\n<p>&nbsp;<\/p>\n<p><img fetchpriority=\"high\" decoding=\"async\" class=\"alignnone size-medium wp-image-11094\" src=\"https:\/\/radiojadranka.hr\/wp-content\/uploads\/2024\/07\/Jazz-Losinj-428x770.jpg\" alt=\"\" width=\"428\" height=\"770\" srcset=\"https:\/\/radiojadranka.hr\/wp-content\/uploads\/2024\/07\/Jazz-Losinj-428x770.jpg 428w, https:\/\/radiojadranka.hr\/wp-content\/uploads\/2024\/07\/Jazz-Losinj-650x1170.jpg 650w, https:\/\/radiojadranka.hr\/wp-content\/uploads\/2024\/07\/Jazz-Losinj-768x1382.jpg 768w, https:\/\/radiojadranka.hr\/wp-content\/uploads\/2024\/07\/Jazz-Losinj-853x1536.jpg 853w, https:\/\/radiojadranka.hr\/wp-content\/uploads\/2024\/07\/Jazz-Losinj.jpg 1000w\" sizes=\"(max-width: 428px) 100vw, 428px\" \/><\/p>\n<p>&nbsp;<\/p>\n","protected":false},"excerpt":{"rendered":"<p>Jubilarni, 20. jazz festival Lo\u0161inj sutra \u0107e se otvoriti koncertom na Trgu Republike Hrvatske u Malom Lo\u0161inju. Organizacijski team pod vodstvom gitarista i skladatelja Zorana Jexa Jaegera, \u0161efa kultnog funk banda The Bastardz, odlu\u010dio se za zanimljiv, kvalitetan i raznolik program. Prva ve\u010der dakle na Trgu, Raphael Wressnig trio ft ...<\/p>\n","protected":false},"author":4,"featured_media":11099,"comment_status":"closed","ping_status":"open","sticky":false,"template":"","format":"standard","meta":{"footnotes":""},"categories":[72],"tags":[],"class_list":["post-11093","post","type-post","status-publish","format-standard","has-post-thumbnail","hentry","category-vijesti"],"aioseo_notices":[],"_links":{"self":[{"href":"https:\/\/radiojadranka.hr\/index.php\/wp-json\/wp\/v2\/posts\/11093","targetHints":{"allow":["GET"]}}],"collection":[{"href":"https:\/\/radiojadranka.hr\/index.php\/wp-json\/wp\/v2\/posts"}],"about":[{"href":"https:\/\/radiojadranka.hr\/index.php\/wp-json\/wp\/v2\/types\/post"}],"author":[{"embeddable":true,"href":"https:\/\/radiojadranka.hr\/index.php\/wp-json\/wp\/v2\/users\/4"}],"replies":[{"embeddable":true,"href":"https:\/\/radiojadranka.hr\/index.php\/wp-json\/wp\/v2\/comments?post=11093"}],"version-history":[{"count":2,"href":"https:\/\/radiojadranka.hr\/index.php\/wp-json\/wp\/v2\/posts\/11093\/revisions"}],"predecessor-version":[{"id":11100,"href":"https:\/\/radiojadranka.hr\/index.php\/wp-json\/wp\/v2\/posts\/11093\/revisions\/11100"}],"wp:featuredmedia":[{"embeddable":true,"href":"https:\/\/radiojadranka.hr\/index.php\/wp-json\/wp\/v2\/media\/11099"}],"wp:attachment":[{"href":"https:\/\/radiojadranka.hr\/index.php\/wp-json\/wp\/v2\/media?parent=11093"}],"wp:term":[{"taxonomy":"category","embeddable":true,"href":"https:\/\/radiojadranka.hr\/index.php\/wp-json\/wp\/v2\/categories?post=11093"},{"taxonomy":"post_tag","embeddable":true,"href":"https:\/\/radiojadranka.hr\/index.php\/wp-json\/wp\/v2\/tags?post=11093"}],"curies":[{"name":"wp","href":"https:\/\/api.w.org\/{rel}","templated":true}]}}