{"id":11074,"date":"2024-07-19T14:02:30","date_gmt":"2024-07-19T12:02:30","guid":{"rendered":"https:\/\/radiojadranka.hr\/?p=11074"},"modified":"2024-08-20T08:47:39","modified_gmt":"2024-08-20T06:47:39","slug":"agencija-za-srecu-otvorila-10-dane-teatra-gavran-u-malom-losinju","status":"publish","type":"post","link":"https:\/\/radiojadranka.hr\/index.php\/2024\/07\/19\/agencija-za-srecu-otvorila-10-dane-teatra-gavran-u-malom-losinju\/","title":{"rendered":"&#8220;Agencija za sre\u0107u&#8221; otvorila 10. Dane teatra Gavran u Malom Lo\u0161inju"},"content":{"rendered":"<p>Kazali\u0161nom predstavom, \u201eAgencija za sre\u0107u\u201c otvoreni su 10. Dani teatra Gavran u Malom Lo\u0161inju. Naziv je to jedne od knjiga Mire Gavrana, jednog od najpoznatijih Hrvatskih pisaca u zemlji i inozemstvu, a koju je re\u017eirala Mladena Gavran. Rije\u010d je o romanti\u010dnoj komediji u kojoj uloge tuma\u010de Nevena Vukes, Mirel Huski\u0107 i Mladena Gavran. Na ljetnoj pozornici kina Vladimira Nazora tra\u017eila se ulaznica vi\u0161e, a o procesu re\u017eiranja, glume i o nadolaze\u0107im predstavama vi\u0161e nam je rekla Mladena Gavran.<\/p>\n<p><iframe title=\"190724 Mladena Gavran\" width=\"100%\" height=\"120\" src=\"https:\/\/www.mixcloud.com\/widget\/iframe\/?feed=https%3A%2F%2Fwww.mixcloud.com%2Fradio_jadranka%2F190724-mladena-gavran%2F&amp;hide_cover=1\" frameborder=\"0\"><\/iframe><\/p>\n<ol start=\"10\">\n<li>Dani teatra Gavran u Malom Lo\u0161inju nastavljaju se u ponedjeljak 22. srpnja u 21,30 uz predstavljanje romana \u201ePortret du\u0161e\u201c i knji\u017eevnu ve\u010der s Mirom Gavranom. Ovu vrijednu manifestaciju organizira Pu\u010dko otvoreno u\u010dili\u0161te Mali Lo\u0161inj.<\/li>\n<\/ol>\n<p><iframe title=\"190724 Agencija za srecu video\" width=\"1170\" height=\"658\" src=\"https:\/\/www.youtube.com\/embed\/ejkb7-_YdTE?feature=oembed\" frameborder=\"0\" allow=\"accelerometer; autoplay; clipboard-write; encrypted-media; gyroscope; picture-in-picture; web-share\" referrerpolicy=\"strict-origin-when-cross-origin\" allowfullscreen><\/iframe><\/p>\n<p>&nbsp;<\/p>\n<p><img fetchpriority=\"high\" decoding=\"async\" class=\"size-medium wp-image-11076 aligncenter\" src=\"https:\/\/radiojadranka.hr\/wp-content\/uploads\/2024\/07\/Agencija-za-srecu-770x422.jpg\" alt=\"\" width=\"770\" height=\"422\" srcset=\"https:\/\/radiojadranka.hr\/wp-content\/uploads\/2024\/07\/Agencija-za-srecu-770x422.jpg 770w, https:\/\/radiojadranka.hr\/wp-content\/uploads\/2024\/07\/Agencija-za-srecu-1170x642.jpg 1170w, https:\/\/radiojadranka.hr\/wp-content\/uploads\/2024\/07\/Agencija-za-srecu-768x421.jpg 768w, https:\/\/radiojadranka.hr\/wp-content\/uploads\/2024\/07\/Agencija-za-srecu-1536x843.jpg 1536w, https:\/\/radiojadranka.hr\/wp-content\/uploads\/2024\/07\/Agencija-za-srecu.jpg 1604w\" sizes=\"(max-width: 770px) 100vw, 770px\" \/><\/p>\n","protected":false},"excerpt":{"rendered":"<p>Kazali\u0161nom predstavom, \u201eAgencija za sre\u0107u\u201c otvoreni su 10. Dani teatra Gavran u Malom Lo\u0161inju. Naziv je to jedne od knjiga Mire Gavrana, jednog od najpoznatijih Hrvatskih pisaca u zemlji i inozemstvu, a koju je re\u017eirala Mladena Gavran. Rije\u010d je o romanti\u010dnoj komediji u kojoj uloge tuma\u010de Nevena Vukes, Mirel Huski\u0107 ...<\/p>\n","protected":false},"author":4,"featured_media":11076,"comment_status":"closed","ping_status":"open","sticky":false,"template":"","format":"audio","meta":{"footnotes":""},"categories":[72],"tags":[],"class_list":["post-11074","post","type-post","status-publish","format-audio","has-post-thumbnail","hentry","category-vijesti","post_format-post-format-audio"],"aioseo_notices":[],"_links":{"self":[{"href":"https:\/\/radiojadranka.hr\/index.php\/wp-json\/wp\/v2\/posts\/11074","targetHints":{"allow":["GET"]}}],"collection":[{"href":"https:\/\/radiojadranka.hr\/index.php\/wp-json\/wp\/v2\/posts"}],"about":[{"href":"https:\/\/radiojadranka.hr\/index.php\/wp-json\/wp\/v2\/types\/post"}],"author":[{"embeddable":true,"href":"https:\/\/radiojadranka.hr\/index.php\/wp-json\/wp\/v2\/users\/4"}],"replies":[{"embeddable":true,"href":"https:\/\/radiojadranka.hr\/index.php\/wp-json\/wp\/v2\/comments?post=11074"}],"version-history":[{"count":4,"href":"https:\/\/radiojadranka.hr\/index.php\/wp-json\/wp\/v2\/posts\/11074\/revisions"}],"predecessor-version":[{"id":11083,"href":"https:\/\/radiojadranka.hr\/index.php\/wp-json\/wp\/v2\/posts\/11074\/revisions\/11083"}],"wp:featuredmedia":[{"embeddable":true,"href":"https:\/\/radiojadranka.hr\/index.php\/wp-json\/wp\/v2\/media\/11076"}],"wp:attachment":[{"href":"https:\/\/radiojadranka.hr\/index.php\/wp-json\/wp\/v2\/media?parent=11074"}],"wp:term":[{"taxonomy":"category","embeddable":true,"href":"https:\/\/radiojadranka.hr\/index.php\/wp-json\/wp\/v2\/categories?post=11074"},{"taxonomy":"post_tag","embeddable":true,"href":"https:\/\/radiojadranka.hr\/index.php\/wp-json\/wp\/v2\/tags?post=11074"}],"curies":[{"name":"wp","href":"https:\/\/api.w.org\/{rel}","templated":true}]}}