{"id":11057,"date":"2024-07-17T14:03:05","date_gmt":"2024-07-17T12:03:05","guid":{"rendered":"https:\/\/radiojadranka.hr\/?p=11057"},"modified":"2024-08-20T08:47:39","modified_gmt":"2024-08-20T06:47:39","slug":"radionica-za-djecu-avantura-na-dnu-mora","status":"publish","type":"post","link":"https:\/\/radiojadranka.hr\/index.php\/2024\/07\/17\/radionica-za-djecu-avantura-na-dnu-mora\/","title":{"rendered":"Radionica za djecu &#8220;Avantura na dnu mora&#8221;"},"content":{"rendered":"<p>Djeca u dobi od 6 ili vi\u0161e godina, imaju priliku za avanturu na dnu mora. Od 22. do 26. srpnja provodit \u0107e se kreativna, zabavna i pou\u010dna dramska radionica za djecu u gradskoj knji\u017enici, Inspirirani Apoksiomenom koji je toliko dugo le\u017eao na dnu lo\u0161injskog mora, mali\u0161ani \u0107e zajedno ma\u0161tati o tome \u0161to jo\u0161 sve \u017eivi tamo i kakve sve pri\u010de pri\u010da morski svijet. U tome \u0107e nam pomo\u0107i jednostavne dramske vje\u017ebe. Uz pomo\u0107 igre, istra\u017eivanja, ma\u0161tanja ali i u\u010denja stvoriti \u0107e i sami svoje morske avanture, no broj sudionika je ograni\u010den, stoga se prijavite \u0161to br\u017ee mo\u017eete na broj: 051 231 0915<\/p>\n<p><img fetchpriority=\"high\" decoding=\"async\" class=\"alignnone size-medium wp-image-11058\" src=\"https:\/\/radiojadranka.hr\/wp-content\/uploads\/2024\/07\/avantura-na-dnu-mora-544x770.jpg\" alt=\"\" width=\"544\" height=\"770\" srcset=\"https:\/\/radiojadranka.hr\/wp-content\/uploads\/2024\/07\/avantura-na-dnu-mora-544x770.jpg 544w, https:\/\/radiojadranka.hr\/wp-content\/uploads\/2024\/07\/avantura-na-dnu-mora.jpg 632w\" sizes=\"(max-width: 544px) 100vw, 544px\" \/><\/p>\n","protected":false},"excerpt":{"rendered":"<p>Djeca u dobi od 6 ili vi\u0161e godina, imaju priliku za avanturu na dnu mora. Od 22. do 26. srpnja provodit \u0107e se kreativna, zabavna i pou\u010dna dramska radionica za djecu u gradskoj knji\u017enici, Inspirirani Apoksiomenom koji je toliko dugo le\u017eao na dnu lo\u0161injskog mora, mali\u0161ani \u0107e zajedno ma\u0161tati o ...<\/p>\n","protected":false},"author":4,"featured_media":11059,"comment_status":"closed","ping_status":"open","sticky":false,"template":"","format":"audio","meta":{"footnotes":""},"categories":[72],"tags":[],"class_list":["post-11057","post","type-post","status-publish","format-audio","has-post-thumbnail","hentry","category-vijesti","post_format-post-format-audio"],"aioseo_notices":[],"_links":{"self":[{"href":"https:\/\/radiojadranka.hr\/index.php\/wp-json\/wp\/v2\/posts\/11057","targetHints":{"allow":["GET"]}}],"collection":[{"href":"https:\/\/radiojadranka.hr\/index.php\/wp-json\/wp\/v2\/posts"}],"about":[{"href":"https:\/\/radiojadranka.hr\/index.php\/wp-json\/wp\/v2\/types\/post"}],"author":[{"embeddable":true,"href":"https:\/\/radiojadranka.hr\/index.php\/wp-json\/wp\/v2\/users\/4"}],"replies":[{"embeddable":true,"href":"https:\/\/radiojadranka.hr\/index.php\/wp-json\/wp\/v2\/comments?post=11057"}],"version-history":[{"count":1,"href":"https:\/\/radiojadranka.hr\/index.php\/wp-json\/wp\/v2\/posts\/11057\/revisions"}],"predecessor-version":[{"id":11060,"href":"https:\/\/radiojadranka.hr\/index.php\/wp-json\/wp\/v2\/posts\/11057\/revisions\/11060"}],"wp:featuredmedia":[{"embeddable":true,"href":"https:\/\/radiojadranka.hr\/index.php\/wp-json\/wp\/v2\/media\/11059"}],"wp:attachment":[{"href":"https:\/\/radiojadranka.hr\/index.php\/wp-json\/wp\/v2\/media?parent=11057"}],"wp:term":[{"taxonomy":"category","embeddable":true,"href":"https:\/\/radiojadranka.hr\/index.php\/wp-json\/wp\/v2\/categories?post=11057"},{"taxonomy":"post_tag","embeddable":true,"href":"https:\/\/radiojadranka.hr\/index.php\/wp-json\/wp\/v2\/tags?post=11057"}],"curies":[{"name":"wp","href":"https:\/\/api.w.org\/{rel}","templated":true}]}}