{"id":10987,"date":"2024-07-04T13:23:37","date_gmt":"2024-07-04T11:23:37","guid":{"rendered":"https:\/\/radiojadranka.hr\/?p=10987"},"modified":"2024-08-20T08:47:39","modified_gmt":"2024-08-20T06:47:39","slug":"projekt-more-je-za-svako-dijete-i-ove-godine-realizira-se-u-hotelu-vespera","status":"publish","type":"post","link":"https:\/\/radiojadranka.hr\/index.php\/2024\/07\/04\/projekt-more-je-za-svako-dijete-i-ove-godine-realizira-se-u-hotelu-vespera\/","title":{"rendered":"Projekt &#8220;More je za svako dijete&#8221; i ove godine realizira se u hotelu Vespera!"},"content":{"rendered":"<div class=\"avatar-gutter ng-tns-c2299171276-164 ng-star-inserted\"><\/div>\n<div class=\"response-container-content ng-tns-c2299171276-164\">\n<div class=\"response-content ng-tns-c2299171276-164\">\n<div class=\"markdown markdown-main-panel\" dir=\"ltr\">\n<p data-sourcepos=\"5:1-5:54\">Hotel Vespera i ove je godine otvorio svoja vrata djeci iz obitelji slabjelijeg imovinskog statusa, te im daruje tjedan dana &#8220;all inclusive&#8221; aran\u017eman u samom jeku sezone. Trideset dvoje mali\u0161ana, od 30. lipnja do 7. srpnja, boravi u Malom Lo\u0161inju. Projekt je to Dru\u0161tva &#8220;Na\u0161a djeca Hrvatska&#8221; i tvrtke Jadranka turizam d.o.o. Djeca koja sudjeluju dolaze iz raznih obitelji slabjelijeg imovinskog statusa iz cijele Hrvatske, od Vara\u017edina do Fu\u017eina, a neki od njih su prvi put vidjeli more pa \u010dak i proplivali. Dani u hotelu prepuni su zanimljivih, zabavnih i edukativnih aktivnosti, a posjetili su i muzej &#8220;Apoksiomen&#8221;. Na ovaj na\u010din ve\u0107i broj djece dobiva priliku \u00a0odmora, te ih se poti\u010de na stjecanje novih prijatelja i neizbrisivnih sje\u0107anja. Malo vi\u0161e o tom projektu doznali smo od Petre Herceg iz tvrtke Jadranka Turizam, voditeljica projekta Manuele Maurovi\u0107, Kre\u0161imir Plantak Ve\u010derin predsjednik dru\u0161tva &#8220;Na\u0161a djeca Vara\u017edin&#8221;, te dva mala sudionika.<\/p>\n<p><iframe title=\"040724 More\" width=\"100%\" height=\"120\" src=\"https:\/\/www.mixcloud.com\/widget\/iframe\/?feed=https%3A%2F%2Fwww.mixcloud.com%2Fradio_jadranka%2F040724-more%2F&amp;hide_cover=1\" frameborder=\"0\"><\/iframe><\/p>\n<p><img fetchpriority=\"high\" decoding=\"async\" class=\"alignnone size-medium wp-image-10988\" src=\"https:\/\/radiojadranka.hr\/wp-content\/uploads\/2024\/07\/1720091941186-770x578.jpg\" alt=\"\" width=\"770\" height=\"578\" srcset=\"https:\/\/radiojadranka.hr\/wp-content\/uploads\/2024\/07\/1720091941186-770x578.jpg 770w, https:\/\/radiojadranka.hr\/wp-content\/uploads\/2024\/07\/1720091941186-1170x878.jpg 1170w, https:\/\/radiojadranka.hr\/wp-content\/uploads\/2024\/07\/1720091941186-768x576.jpg 768w, https:\/\/radiojadranka.hr\/wp-content\/uploads\/2024\/07\/1720091941186-1536x1152.jpg 1536w, https:\/\/radiojadranka.hr\/wp-content\/uploads\/2024\/07\/1720091941186.jpg 2048w\" sizes=\"(max-width: 770px) 100vw, 770px\" \/> <img decoding=\"async\" class=\"alignnone size-medium wp-image-10989\" src=\"https:\/\/radiojadranka.hr\/wp-content\/uploads\/2024\/07\/Capture-766x770.jpg\" alt=\"\" width=\"766\" height=\"770\" srcset=\"https:\/\/radiojadranka.hr\/wp-content\/uploads\/2024\/07\/Capture-766x770.jpg 766w, https:\/\/radiojadranka.hr\/wp-content\/uploads\/2024\/07\/Capture-150x150.jpg 150w, https:\/\/radiojadranka.hr\/wp-content\/uploads\/2024\/07\/Capture-768x772.jpg 768w, https:\/\/radiojadranka.hr\/wp-content\/uploads\/2024\/07\/Capture-100x100.jpg 100w, https:\/\/radiojadranka.hr\/wp-content\/uploads\/2024\/07\/Capture.jpg 867w\" sizes=\"(max-width: 766px) 100vw, 766px\" \/><\/p>\n<\/div>\n<\/div>\n<\/div>\n","protected":false},"excerpt":{"rendered":"<p>Hotel Vespera i ove je godine otvorio svoja vrata djeci iz obitelji slabjelijeg imovinskog statusa, te im daruje tjedan dana &#8220;all inclusive&#8221; aran\u017eman u samom jeku sezone. Trideset dvoje mali\u0161ana, od 30. lipnja do 7. srpnja, boravi u Malom Lo\u0161inju. Projekt je to Dru\u0161tva &#8220;Na\u0161a djeca Hrvatska&#8221; i tvrtke Jadranka ...<\/p>\n","protected":false},"author":2,"featured_media":10989,"comment_status":"closed","ping_status":"open","sticky":false,"template":"","format":"audio","meta":{"footnotes":""},"categories":[72],"tags":[],"class_list":["post-10987","post","type-post","status-publish","format-audio","has-post-thumbnail","hentry","category-vijesti","post_format-post-format-audio"],"aioseo_notices":[],"_links":{"self":[{"href":"https:\/\/radiojadranka.hr\/index.php\/wp-json\/wp\/v2\/posts\/10987","targetHints":{"allow":["GET"]}}],"collection":[{"href":"https:\/\/radiojadranka.hr\/index.php\/wp-json\/wp\/v2\/posts"}],"about":[{"href":"https:\/\/radiojadranka.hr\/index.php\/wp-json\/wp\/v2\/types\/post"}],"author":[{"embeddable":true,"href":"https:\/\/radiojadranka.hr\/index.php\/wp-json\/wp\/v2\/users\/2"}],"replies":[{"embeddable":true,"href":"https:\/\/radiojadranka.hr\/index.php\/wp-json\/wp\/v2\/comments?post=10987"}],"version-history":[{"count":1,"href":"https:\/\/radiojadranka.hr\/index.php\/wp-json\/wp\/v2\/posts\/10987\/revisions"}],"predecessor-version":[{"id":10990,"href":"https:\/\/radiojadranka.hr\/index.php\/wp-json\/wp\/v2\/posts\/10987\/revisions\/10990"}],"wp:featuredmedia":[{"embeddable":true,"href":"https:\/\/radiojadranka.hr\/index.php\/wp-json\/wp\/v2\/media\/10989"}],"wp:attachment":[{"href":"https:\/\/radiojadranka.hr\/index.php\/wp-json\/wp\/v2\/media?parent=10987"}],"wp:term":[{"taxonomy":"category","embeddable":true,"href":"https:\/\/radiojadranka.hr\/index.php\/wp-json\/wp\/v2\/categories?post=10987"},{"taxonomy":"post_tag","embeddable":true,"href":"https:\/\/radiojadranka.hr\/index.php\/wp-json\/wp\/v2\/tags?post=10987"}],"curies":[{"name":"wp","href":"https:\/\/api.w.org\/{rel}","templated":true}]}}