{"id":10915,"date":"2024-06-27T14:10:07","date_gmt":"2024-06-27T12:10:07","guid":{"rendered":"https:\/\/radiojadranka.hr\/?p=10915"},"modified":"2024-08-20T08:47:39","modified_gmt":"2024-08-20T06:47:39","slug":"dorotea-i-patrik-spisic-najuspjesniji-sportasi-grada-malog-losinja","status":"publish","type":"post","link":"https:\/\/radiojadranka.hr\/index.php\/2024\/06\/27\/dorotea-i-patrik-spisic-najuspjesniji-sportasi-grada-malog-losinja\/","title":{"rendered":"Dorotea i Patrik Spi\u0161i\u0107 najuspje\u0161niji sporta\u0161i Grada Malog Lo\u0161inja!"},"content":{"rendered":"<p><strong>Dorotea Spi\u0161i\u0107<\/strong> i njezin brat <strong>Patrik<\/strong> <strong>Spi\u0161i\u0107<\/strong> najuspje\u0161niji\u00a0 su sporta\u0161i u gradu za 2023. godinu, odluka je to Zajednice sportova Grada Malog Lo\u0161inja koja \u0107e se uru\u010diti ve\u010deras na sve\u010danoj dodjeli na ljetnoj pozornici Gradske knji\u017enice i \u010ditaonice Mali Lo\u0161inj. Ovo priznanje ostvarili su brane\u0107i boje &#8220;Jedrili\u010darskog kluba Jugo&#8221; iz Malog Lo\u0161inja. Najuspje\u0161nija mu\u0161ka sportska ekipa je ekipa <strong>seniora kugla\u010dkog kluba &#8220;Jadranka turizam<\/strong> <strong>Mali Lo\u0161inj<\/strong>&#8220;. <strong>Ekipa seniorki pikado kluba &#8220;Lo\u0161inj&#8221;<\/strong> najuspje\u0161nija je \u017eenska sportska ekipa. Najuspje\u0161niji junior je <strong>Grigor Pettener<\/strong> iz Jedrili\u010darskog kluba &#8220;Jugo&#8221;. <strong>Juniori do 18 godina starosti nogometnog kluba Lo\u0161inj <\/strong>su\u00a0najuspje\u0161nija je sportska ekipa.\u00a0 <strong>Nika Kremenovi\u0107<\/strong> najuspje\u0161nija kadetkinja u ekipi do 15 godina starosti a igra za \u017eenski odbojka\u0161ki klub &#8220;Lo\u0161inj&#8221;.\u00a0 <strong>Karlo Mari\u010devi\u0107<\/strong> najuspje\u0161niji je kadet a igra za \u0161ahovski klub Lo\u0161inj. Najuspje\u0161nija mu\u0161ka kadetska ekipa su\u00a0 <strong>ko\u0161arka\u0161i Jadranke-Lo\u0161inj do 15 godina<\/strong> starosti.\u00a0 <strong>Odbojka\u0161ice do 15 godina<\/strong>, najuspje\u0161nija je \u017eenska kadetska sportska ekipa. Me\u0111u posebnim nagradama dodjeljuju se nagrade za: perspektivna sportska nada, to je <strong>Karlo Smir\u010di\u0107<\/strong> &#8211; Judo klub Lo\u0161inj. Priznanje za ostvarene zapa\u017eene sportske rezultate: <strong>Mara Bodi\u0161<\/strong> &#8211; Judo klub Lo\u0161inj,\u00a0 <strong>Jakov Bodi\u0161<\/strong> &#8211; Judo klub Lo\u0161inj, <strong>Nogometna ekipa Mor\u010di\u0107a<\/strong> do 11 godina starosti &#8211; Nogometni klub Lo\u0161inj, <strong>Fabiana Bjelanovi\u0107<\/strong> &#8211; \u017eenski klub Lo\u0161inj, <strong>Iris Buneta<\/strong> &#8211; \u0160ahovski klub Lo\u0161inj.\u00a0 Posebno priznanje dodjeljuje se\u00a0 <strong>Andreju Bor\u010di\u0107u, Dominiku Simi\u0107u, Filipu Obraadovi\u0107u, Kim \u0160vec, Oskaru Jambro\u0161i\u0107 Uzelac<\/strong> svi iz tenis kluba &#8220;Lo\u0161inj Jadranka&#8221; i <strong>Teo Maver<\/strong> iz jedrili\u010darskog kluba Jugo, <strong>Ines Marangon<\/strong> iz Judo kluba &#8220;Lo\u0161inj&#8221;, <strong>Lucija Miki\u0107 i Matea Sagani\u0107 i Lana Licitar<\/strong> iz \u017eenskog odbojka\u0161kog kluba &#8220;Lo\u0161inj&#8221; te <strong>Ivano Mu\u017ei\u0107<\/strong> iz bo\u0107arskog kluba &#8220;Lo\u0161inj 90&#8221;. Na sve\u010danosti \u0107e se dodijeliti i priznanje lo\u0161injskim sporta\u0161ima i sportskim djelatnicima za promociju lo\u0161injskog sporta <strong>Aurori Stipanov<\/strong> \u010dlanici vaterpolo kluba &#8220;Lo\u0161inj&#8221;, za ostvarenja ostvarena s vaterpolo klubom &#8220;Mladost&#8221; i s reprezentacijom. Zajednica sportova uru\u010dit \u0107e priznanje i <strong>Gradu Malom Lo\u0161inju<\/strong> za ulaganja u sportske programe, klubove i infrastrukturu! Poslu\u0161ajte razgovor s Darinom Magazinom predsjednikom Zajednice sportova Grada Malog Lo\u0161inja.<\/p>\n<p><iframe title=\"270624 Darin Magazin\" width=\"100%\" height=\"120\" src=\"https:\/\/www.mixcloud.com\/widget\/iframe\/?feed=https%3A%2F%2Fwww.mixcloud.com%2Fradio_jadranka%2F270624-darin-magazin%2F&amp;hide_cover=1\" frameborder=\"0\"><\/iframe><\/p>\n<p>&nbsp;<\/p>\n","protected":false},"excerpt":{"rendered":"<p>Dorotea Spi\u0161i\u0107 i njezin brat Patrik Spi\u0161i\u0107 najuspje\u0161niji\u00a0 su sporta\u0161i u gradu za 2023. godinu, odluka je to Zajednice sportova Grada Malog Lo\u0161inja koja \u0107e se uru\u010diti ve\u010deras na sve\u010danoj dodjeli na ljetnoj pozornici Gradske knji\u017enice i \u010ditaonice Mali Lo\u0161inj. Ovo priznanje ostvarili su brane\u0107i boje &#8220;Jedrili\u010darskog kluba Jugo&#8221; iz ...<\/p>\n","protected":false},"author":2,"featured_media":10917,"comment_status":"closed","ping_status":"open","sticky":false,"template":"","format":"audio","meta":{"footnotes":""},"categories":[72],"tags":[],"class_list":["post-10915","post","type-post","status-publish","format-audio","has-post-thumbnail","hentry","category-vijesti","post_format-post-format-audio"],"aioseo_notices":[],"_links":{"self":[{"href":"https:\/\/radiojadranka.hr\/index.php\/wp-json\/wp\/v2\/posts\/10915","targetHints":{"allow":["GET"]}}],"collection":[{"href":"https:\/\/radiojadranka.hr\/index.php\/wp-json\/wp\/v2\/posts"}],"about":[{"href":"https:\/\/radiojadranka.hr\/index.php\/wp-json\/wp\/v2\/types\/post"}],"author":[{"embeddable":true,"href":"https:\/\/radiojadranka.hr\/index.php\/wp-json\/wp\/v2\/users\/2"}],"replies":[{"embeddable":true,"href":"https:\/\/radiojadranka.hr\/index.php\/wp-json\/wp\/v2\/comments?post=10915"}],"version-history":[{"count":3,"href":"https:\/\/radiojadranka.hr\/index.php\/wp-json\/wp\/v2\/posts\/10915\/revisions"}],"predecessor-version":[{"id":10921,"href":"https:\/\/radiojadranka.hr\/index.php\/wp-json\/wp\/v2\/posts\/10915\/revisions\/10921"}],"wp:featuredmedia":[{"embeddable":true,"href":"https:\/\/radiojadranka.hr\/index.php\/wp-json\/wp\/v2\/media\/10917"}],"wp:attachment":[{"href":"https:\/\/radiojadranka.hr\/index.php\/wp-json\/wp\/v2\/media?parent=10915"}],"wp:term":[{"taxonomy":"category","embeddable":true,"href":"https:\/\/radiojadranka.hr\/index.php\/wp-json\/wp\/v2\/categories?post=10915"},{"taxonomy":"post_tag","embeddable":true,"href":"https:\/\/radiojadranka.hr\/index.php\/wp-json\/wp\/v2\/tags?post=10915"}],"curies":[{"name":"wp","href":"https:\/\/api.w.org\/{rel}","templated":true}]}}