{"id":10895,"date":"2024-06-26T14:33:43","date_gmt":"2024-06-26T12:33:43","guid":{"rendered":"https:\/\/radiojadranka.hr\/?p=10895"},"modified":"2024-08-20T08:47:39","modified_gmt":"2024-08-20T06:47:39","slug":"tribina-o-udomiteljstvu-odrzana-u-malom-losinju","status":"publish","type":"post","link":"https:\/\/radiojadranka.hr\/index.php\/2024\/06\/26\/tribina-o-udomiteljstvu-odrzana-u-malom-losinju\/","title":{"rendered":"Tribina o udomiteljstvu odr\u017eana u Malom Lo\u0161inju!"},"content":{"rendered":"<p>Jutros je u Malom Lo\u0161inju odr\u017eana tribina \u201cUdomiteljstvo djece na podru\u010dju Primorsko-goranske \u017eupanije \u2013 promocija, perspektive i izazovi\u201d.<\/p>\n<p>Osim predavanja po ovoj temi, predstavile su se i udruge udomitelja djece PG\u017d, DamDom kao i rad obiteljskog centra. Tribinu su pratile Ena i Katarina, a evo \u0161to su im rekle Sandra Pand\u017ei\u0107 psihologinja, Ivana Car socijalna radnica i Martina Mitrovi\u0107 pravnica!<\/p>\n<p><iframe title=\"260624 Sandra Pand\u017ei\u0107 Psihologinja\" width=\"100%\" height=\"120\" src=\"https:\/\/www.mixcloud.com\/widget\/iframe\/?feed=https%3A%2F%2Fwww.mixcloud.com%2Fradio_jadranka%2F260624-sandra-pand%25C5%25BEi%25C4%2587-psihologinja%2F&amp;hide_cover=1\" frameborder=\"0\"><\/iframe><\/p>\n<p><iframe title=\"260624 Ivana Car Socijalna Radnica\" width=\"100%\" height=\"120\" src=\"https:\/\/www.mixcloud.com\/widget\/iframe\/?feed=https%3A%2F%2Fwww.mixcloud.com%2Fradio_jadranka%2F260624-ivana-car-socijalna-radnica%2F&amp;hide_cover=1\" frameborder=\"0\"><\/iframe><\/p>\n<p><iframe title=\"260624 Martina Mitrovi\u0107 Pravnica\" width=\"100%\" height=\"120\" src=\"https:\/\/www.mixcloud.com\/widget\/iframe\/?feed=https%3A%2F%2Fwww.mixcloud.com%2Fradio_jadranka%2F260624-martina-mitrovi%25C4%2587-pravnica%2F&amp;hide_cover=1\" frameborder=\"0\"><\/iframe><\/p>\n<div id='gallery-1' class='gallery galleryid-10895 gallery-columns-3 gallery-size-thumbnail'><figure class='gallery-item'>\n\t\t\t<div class='gallery-icon landscape'>\n\t\t\t\t<a href='https:\/\/radiojadranka.hr\/index.php\/2024\/06\/26\/tribina-o-udomiteljstvu-odrzana-u-malom-losinju\/attachment\/1719402209403\/'><img decoding=\"async\" width=\"150\" height=\"150\" src=\"https:\/\/radiojadranka.hr\/wp-content\/uploads\/2024\/06\/1719402209403-150x150.jpg\" class=\"attachment-thumbnail size-thumbnail\" alt=\"\" srcset=\"https:\/\/radiojadranka.hr\/wp-content\/uploads\/2024\/06\/1719402209403-150x150.jpg 150w, https:\/\/radiojadranka.hr\/wp-content\/uploads\/2024\/06\/1719402209403-100x100.jpg 100w, https:\/\/radiojadranka.hr\/wp-content\/uploads\/2024\/06\/1719402209403-370x370.jpg 370w\" sizes=\"(max-width: 150px) 100vw, 150px\" \/><\/a>\n\t\t\t<\/div><\/figure><figure class='gallery-item'>\n\t\t\t<div class='gallery-icon landscape'>\n\t\t\t\t<a href='https:\/\/radiojadranka.hr\/index.php\/2024\/06\/26\/tribina-o-udomiteljstvu-odrzana-u-malom-losinju\/attachment\/1719402209393\/'><img decoding=\"async\" width=\"150\" height=\"150\" src=\"https:\/\/radiojadranka.hr\/wp-content\/uploads\/2024\/06\/1719402209393-150x150.jpg\" class=\"attachment-thumbnail size-thumbnail\" alt=\"\" srcset=\"https:\/\/radiojadranka.hr\/wp-content\/uploads\/2024\/06\/1719402209393-150x150.jpg 150w, https:\/\/radiojadranka.hr\/wp-content\/uploads\/2024\/06\/1719402209393-100x100.jpg 100w, https:\/\/radiojadranka.hr\/wp-content\/uploads\/2024\/06\/1719402209393-370x370.jpg 370w\" sizes=\"(max-width: 150px) 100vw, 150px\" \/><\/a>\n\t\t\t<\/div><\/figure><figure class='gallery-item'>\n\t\t\t<div class='gallery-icon portrait'>\n\t\t\t\t<a href='https:\/\/radiojadranka.hr\/index.php\/2024\/06\/26\/tribina-o-udomiteljstvu-odrzana-u-malom-losinju\/attachment\/1719402209383\/'><img decoding=\"async\" width=\"150\" height=\"150\" src=\"https:\/\/radiojadranka.hr\/wp-content\/uploads\/2024\/06\/1719402209383-150x150.jpg\" class=\"attachment-thumbnail size-thumbnail\" alt=\"\" srcset=\"https:\/\/radiojadranka.hr\/wp-content\/uploads\/2024\/06\/1719402209383-150x150.jpg 150w, https:\/\/radiojadranka.hr\/wp-content\/uploads\/2024\/06\/1719402209383-100x100.jpg 100w, https:\/\/radiojadranka.hr\/wp-content\/uploads\/2024\/06\/1719402209383-370x370.jpg 370w\" sizes=\"(max-width: 150px) 100vw, 150px\" \/><\/a>\n\t\t\t<\/div><\/figure>\n\t\t<\/div>\n\n","protected":false},"excerpt":{"rendered":"<p>Jutros je u Malom Lo\u0161inju odr\u017eana tribina \u201cUdomiteljstvo djece na podru\u010dju Primorsko-goranske \u017eupanije \u2013 promocija, perspektive i izazovi\u201d. Osim predavanja po ovoj temi, predstavile su se i udruge udomitelja djece PG\u017d, DamDom kao i rad obiteljskog centra. Tribinu su pratile Ena i Katarina, a evo \u0161to su im rekle Sandra ...<\/p>\n","protected":false},"author":2,"featured_media":10897,"comment_status":"closed","ping_status":"open","sticky":false,"template":"","format":"audio","meta":{"footnotes":""},"categories":[72],"tags":[],"class_list":["post-10895","post","type-post","status-publish","format-audio","has-post-thumbnail","hentry","category-vijesti","post_format-post-format-audio"],"aioseo_notices":[],"_links":{"self":[{"href":"https:\/\/radiojadranka.hr\/index.php\/wp-json\/wp\/v2\/posts\/10895","targetHints":{"allow":["GET"]}}],"collection":[{"href":"https:\/\/radiojadranka.hr\/index.php\/wp-json\/wp\/v2\/posts"}],"about":[{"href":"https:\/\/radiojadranka.hr\/index.php\/wp-json\/wp\/v2\/types\/post"}],"author":[{"embeddable":true,"href":"https:\/\/radiojadranka.hr\/index.php\/wp-json\/wp\/v2\/users\/2"}],"replies":[{"embeddable":true,"href":"https:\/\/radiojadranka.hr\/index.php\/wp-json\/wp\/v2\/comments?post=10895"}],"version-history":[{"count":1,"href":"https:\/\/radiojadranka.hr\/index.php\/wp-json\/wp\/v2\/posts\/10895\/revisions"}],"predecessor-version":[{"id":10900,"href":"https:\/\/radiojadranka.hr\/index.php\/wp-json\/wp\/v2\/posts\/10895\/revisions\/10900"}],"wp:featuredmedia":[{"embeddable":true,"href":"https:\/\/radiojadranka.hr\/index.php\/wp-json\/wp\/v2\/media\/10897"}],"wp:attachment":[{"href":"https:\/\/radiojadranka.hr\/index.php\/wp-json\/wp\/v2\/media?parent=10895"}],"wp:term":[{"taxonomy":"category","embeddable":true,"href":"https:\/\/radiojadranka.hr\/index.php\/wp-json\/wp\/v2\/categories?post=10895"},{"taxonomy":"post_tag","embeddable":true,"href":"https:\/\/radiojadranka.hr\/index.php\/wp-json\/wp\/v2\/tags?post=10895"}],"curies":[{"name":"wp","href":"https:\/\/api.w.org\/{rel}","templated":true}]}}