{"id":10891,"date":"2024-06-25T14:54:26","date_gmt":"2024-06-25T12:54:26","guid":{"rendered":"https:\/\/radiojadranka.hr\/?p=10891"},"modified":"2024-08-20T08:47:39","modified_gmt":"2024-08-20T06:47:39","slug":"10891","status":"publish","type":"post","link":"https:\/\/radiojadranka.hr\/index.php\/2024\/06\/25\/10891\/","title":{"rendered":"Grad objavio prijedlog liste reda prvenstva za davanje stanova u najam!"},"content":{"rendered":"<p>Grad Mali Lo\u0161inj objavio je na svojoj web stranici i oglasnoj plo\u010di Grada, Prijedlog liste reda prvenstva za davanje stanova u najam. Iz gradske uprave pozivaju sugra\u0111ane koji su podnijeli zahtjeve, a imaju primjedbu, da podnesu primjedbe u pisarnici grada ili preporu\u010deno putem po\u0161te. Rok za podno\u0161enje primjedbi je 8 dana. Nakon razmatranja primjedbi, kona\u010dna lista reda prvenstva bit \u0107e utvr\u0111ena u roku od 30 dana. Prijedlog liste mo\u017eete prona\u0107i na linku: <a href=\"https:\/\/www.mali-losinj.hr\/wp-content\/uploads\/2024\/02\/prijedlog-liste-reda-prvenstva-za-davanje-stanova-u-najam.docx\">https:\/\/www.mali-losinj.hr\/wp-content\/uploads\/2024\/02\/prijedlog-liste-reda-prvenstva-za-davanje-stanova-u-najam.docx<\/a><\/p>\n<p>foto: ilustracija<\/p>\n","protected":false},"excerpt":{"rendered":"<p>Grad Mali Lo\u0161inj objavio je na svojoj web stranici i oglasnoj plo\u010di Grada, Prijedlog liste reda prvenstva za davanje stanova u najam. Iz gradske uprave pozivaju sugra\u0111ane koji su podnijeli zahtjeve, a imaju primjedbu, da podnesu primjedbe u pisarnici grada ili preporu\u010deno putem po\u0161te. Rok za podno\u0161enje primjedbi je 8 ...<\/p>\n","protected":false},"author":2,"featured_media":10892,"comment_status":"closed","ping_status":"open","sticky":false,"template":"","format":"audio","meta":{"footnotes":""},"categories":[72],"tags":[],"class_list":["post-10891","post","type-post","status-publish","format-audio","has-post-thumbnail","hentry","category-vijesti","post_format-post-format-audio"],"aioseo_notices":[],"_links":{"self":[{"href":"https:\/\/radiojadranka.hr\/index.php\/wp-json\/wp\/v2\/posts\/10891","targetHints":{"allow":["GET"]}}],"collection":[{"href":"https:\/\/radiojadranka.hr\/index.php\/wp-json\/wp\/v2\/posts"}],"about":[{"href":"https:\/\/radiojadranka.hr\/index.php\/wp-json\/wp\/v2\/types\/post"}],"author":[{"embeddable":true,"href":"https:\/\/radiojadranka.hr\/index.php\/wp-json\/wp\/v2\/users\/2"}],"replies":[{"embeddable":true,"href":"https:\/\/radiojadranka.hr\/index.php\/wp-json\/wp\/v2\/comments?post=10891"}],"version-history":[{"count":3,"href":"https:\/\/radiojadranka.hr\/index.php\/wp-json\/wp\/v2\/posts\/10891\/revisions"}],"predecessor-version":[{"id":10896,"href":"https:\/\/radiojadranka.hr\/index.php\/wp-json\/wp\/v2\/posts\/10891\/revisions\/10896"}],"wp:featuredmedia":[{"embeddable":true,"href":"https:\/\/radiojadranka.hr\/index.php\/wp-json\/wp\/v2\/media\/10892"}],"wp:attachment":[{"href":"https:\/\/radiojadranka.hr\/index.php\/wp-json\/wp\/v2\/media?parent=10891"}],"wp:term":[{"taxonomy":"category","embeddable":true,"href":"https:\/\/radiojadranka.hr\/index.php\/wp-json\/wp\/v2\/categories?post=10891"},{"taxonomy":"post_tag","embeddable":true,"href":"https:\/\/radiojadranka.hr\/index.php\/wp-json\/wp\/v2\/tags?post=10891"}],"curies":[{"name":"wp","href":"https:\/\/api.w.org\/{rel}","templated":true}]}}