{"id":10882,"date":"2024-06-25T14:24:28","date_gmt":"2024-06-25T12:24:28","guid":{"rendered":"https:\/\/radiojadranka.hr\/?p=10882"},"modified":"2024-08-20T08:47:39","modified_gmt":"2024-08-20T06:47:39","slug":"stivan-proslavio-zastitnika-sv-ivana-krstitelja","status":"publish","type":"post","link":"https:\/\/radiojadranka.hr\/index.php\/2024\/06\/25\/stivan-proslavio-zastitnika-sv-ivana-krstitelja\/","title":{"rendered":"Stivan proslavio za\u0161titnika Sv. Ivana Krstitelja"},"content":{"rendered":"<p>Tradicionalni pali\u017e u Stivanu ozna\u010dio je po\u010detak obilje\u017eavanja za\u0161titnika Svetog Ivana Krstitelja. Kao i uvijek &#8220;Ivanjski krijesovi&#8221; pale se u\u00a0 uo\u010di blagdana,\u00a0 a uz njih se dru\u017ei, pjeva i ple\u0161e!\u00a0 Ovogodi\u0161nji pali\u017e u Stivanu bio je malo druga\u010diji od onih uobi\u010dajenih, sa dozom opreza zbog jakog vjetra, te je vatra zapaljena u ba\u010dvi (s nalikom na Bronx) kako bi sve bilo pod kontrolom. Na sam blagdan, proslavila se sve\u010dana koncelebrirana Sv. Misa s \u00a0procesijom u 11 sati.<\/p>\n<p>foto: Ana BB<\/p>\n<div id='gallery-1' class='gallery galleryid-10882 gallery-columns-3 gallery-size-thumbnail'><figure class='gallery-item'>\n\t\t\t<div class='gallery-icon landscape'>\n\t\t\t\t<a href='https:\/\/radiojadranka.hr\/index.php\/2024\/06\/25\/stivan-proslavio-zastitnika-sv-ivana-krstitelja\/attachment\/1719317193269\/'><img decoding=\"async\" width=\"150\" height=\"150\" src=\"https:\/\/radiojadranka.hr\/wp-content\/uploads\/2024\/06\/1719317193269-150x150.jpg\" class=\"attachment-thumbnail size-thumbnail\" alt=\"\" aria-describedby=\"gallery-1-10884\" srcset=\"https:\/\/radiojadranka.hr\/wp-content\/uploads\/2024\/06\/1719317193269-150x150.jpg 150w, https:\/\/radiojadranka.hr\/wp-content\/uploads\/2024\/06\/1719317193269-100x100.jpg 100w, https:\/\/radiojadranka.hr\/wp-content\/uploads\/2024\/06\/1719317193269-370x370.jpg 370w\" sizes=\"(max-width: 150px) 100vw, 150px\" \/><\/a>\n\t\t\t<\/div>\n\t\t\t\t<figcaption class='wp-caption-text gallery-caption' id='gallery-1-10884'>\n\t\t\t\tPali\u017e uo\u010di Ivanje\n\t\t\t\t<\/figcaption><\/figure><figure class='gallery-item'>\n\t\t\t<div class='gallery-icon portrait'>\n\t\t\t\t<a href='https:\/\/radiojadranka.hr\/index.php\/2024\/06\/25\/stivan-proslavio-zastitnika-sv-ivana-krstitelja\/attachment\/1719317193279\/'><img decoding=\"async\" width=\"150\" height=\"150\" src=\"https:\/\/radiojadranka.hr\/wp-content\/uploads\/2024\/06\/1719317193279-150x150.jpg\" class=\"attachment-thumbnail size-thumbnail\" alt=\"\" aria-describedby=\"gallery-1-10886\" srcset=\"https:\/\/radiojadranka.hr\/wp-content\/uploads\/2024\/06\/1719317193279-150x150.jpg 150w, https:\/\/radiojadranka.hr\/wp-content\/uploads\/2024\/06\/1719317193279-100x100.jpg 100w, https:\/\/radiojadranka.hr\/wp-content\/uploads\/2024\/06\/1719317193279-370x370.jpg 370w\" sizes=\"(max-width: 150px) 100vw, 150px\" \/><\/a>\n\t\t\t<\/div>\n\t\t\t\t<figcaption class='wp-caption-text gallery-caption' id='gallery-1-10886'>\n\t\t\t\tPali\u017e u ba\u010dvi (zbog sigurnosti)\n\t\t\t\t<\/figcaption><\/figure><figure class='gallery-item'>\n\t\t\t<div class='gallery-icon landscape'>\n\t\t\t\t<a href='https:\/\/radiojadranka.hr\/index.php\/2024\/06\/25\/stivan-proslavio-zastitnika-sv-ivana-krstitelja\/attachment\/1719317193307\/'><img decoding=\"async\" width=\"150\" height=\"150\" src=\"https:\/\/radiojadranka.hr\/wp-content\/uploads\/2024\/06\/1719317193307-150x150.jpg\" class=\"attachment-thumbnail size-thumbnail\" alt=\"\" aria-describedby=\"gallery-1-10883\" srcset=\"https:\/\/radiojadranka.hr\/wp-content\/uploads\/2024\/06\/1719317193307-150x150.jpg 150w, https:\/\/radiojadranka.hr\/wp-content\/uploads\/2024\/06\/1719317193307-100x100.jpg 100w, https:\/\/radiojadranka.hr\/wp-content\/uploads\/2024\/06\/1719317193307-370x370.jpg 370w\" sizes=\"(max-width: 150px) 100vw, 150px\" \/><\/a>\n\t\t\t<\/div>\n\t\t\t\t<figcaption class='wp-caption-text gallery-caption' id='gallery-1-10883'>\n\t\t\t\tEuharistijsko slavlje u Stivanu\n\t\t\t\t<\/figcaption><\/figure><figure class='gallery-item'>\n\t\t\t<div class='gallery-icon landscape'>\n\t\t\t\t<a href='https:\/\/radiojadranka.hr\/index.php\/2024\/06\/25\/stivan-proslavio-zastitnika-sv-ivana-krstitelja\/attachment\/1719317193298\/'><img loading=\"lazy\" decoding=\"async\" width=\"150\" height=\"150\" src=\"https:\/\/radiojadranka.hr\/wp-content\/uploads\/2024\/06\/1719317193298-150x150.jpg\" class=\"attachment-thumbnail size-thumbnail\" alt=\"\" aria-describedby=\"gallery-1-10885\" srcset=\"https:\/\/radiojadranka.hr\/wp-content\/uploads\/2024\/06\/1719317193298-150x150.jpg 150w, https:\/\/radiojadranka.hr\/wp-content\/uploads\/2024\/06\/1719317193298-100x100.jpg 100w, https:\/\/radiojadranka.hr\/wp-content\/uploads\/2024\/06\/1719317193298-370x370.jpg 370w\" sizes=\"(max-width: 150px) 100vw, 150px\" \/><\/a>\n\t\t\t<\/div>\n\t\t\t\t<figcaption class='wp-caption-text gallery-caption' id='gallery-1-10885'>\n\t\t\t\tProcesija na blagdan Sv.Ivana Krstielja &#8211; Ivanja\n\t\t\t\t<\/figcaption><\/figure>\n\t\t<\/div>\n\n","protected":false},"excerpt":{"rendered":"<p>Tradicionalni pali\u017e u Stivanu ozna\u010dio je po\u010detak obilje\u017eavanja za\u0161titnika Svetog Ivana Krstitelja. Kao i uvijek &#8220;Ivanjski krijesovi&#8221; pale se u\u00a0 uo\u010di blagdana,\u00a0 a uz njih se dru\u017ei, pjeva i ple\u0161e!\u00a0 Ovogodi\u0161nji pali\u017e u Stivanu bio je malo druga\u010diji od onih uobi\u010dajenih, sa dozom opreza zbog jakog vjetra, te je vatra ...<\/p>\n","protected":false},"author":2,"featured_media":10884,"comment_status":"closed","ping_status":"open","sticky":false,"template":"","format":"audio","meta":{"footnotes":""},"categories":[72],"tags":[],"class_list":["post-10882","post","type-post","status-publish","format-audio","has-post-thumbnail","hentry","category-vijesti","post_format-post-format-audio"],"aioseo_notices":[],"_links":{"self":[{"href":"https:\/\/radiojadranka.hr\/index.php\/wp-json\/wp\/v2\/posts\/10882","targetHints":{"allow":["GET"]}}],"collection":[{"href":"https:\/\/radiojadranka.hr\/index.php\/wp-json\/wp\/v2\/posts"}],"about":[{"href":"https:\/\/radiojadranka.hr\/index.php\/wp-json\/wp\/v2\/types\/post"}],"author":[{"embeddable":true,"href":"https:\/\/radiojadranka.hr\/index.php\/wp-json\/wp\/v2\/users\/2"}],"replies":[{"embeddable":true,"href":"https:\/\/radiojadranka.hr\/index.php\/wp-json\/wp\/v2\/comments?post=10882"}],"version-history":[{"count":3,"href":"https:\/\/radiojadranka.hr\/index.php\/wp-json\/wp\/v2\/posts\/10882\/revisions"}],"predecessor-version":[{"id":10889,"href":"https:\/\/radiojadranka.hr\/index.php\/wp-json\/wp\/v2\/posts\/10882\/revisions\/10889"}],"wp:featuredmedia":[{"embeddable":true,"href":"https:\/\/radiojadranka.hr\/index.php\/wp-json\/wp\/v2\/media\/10884"}],"wp:attachment":[{"href":"https:\/\/radiojadranka.hr\/index.php\/wp-json\/wp\/v2\/media?parent=10882"}],"wp:term":[{"taxonomy":"category","embeddable":true,"href":"https:\/\/radiojadranka.hr\/index.php\/wp-json\/wp\/v2\/categories?post=10882"},{"taxonomy":"post_tag","embeddable":true,"href":"https:\/\/radiojadranka.hr\/index.php\/wp-json\/wp\/v2\/tags?post=10882"}],"curies":[{"name":"wp","href":"https:\/\/api.w.org\/{rel}","templated":true}]}}