{"id":10750,"date":"2024-06-14T08:25:54","date_gmt":"2024-06-14T06:25:54","guid":{"rendered":"https:\/\/radiojadranka.hr\/?p=10750"},"modified":"2024-08-20T08:47:15","modified_gmt":"2024-08-20T06:47:15","slug":"vrijedne-ruke-novi-pocetak-i-vrijedne-obljetnice-manora-pekarnica-nerezine-moby-dick","status":"publish","type":"post","link":"https:\/\/radiojadranka.hr\/index.php\/2024\/06\/14\/vrijedne-ruke-novi-pocetak-i-vrijedne-obljetnice-manora-pekarnica-nerezine-moby-dick\/","title":{"rendered":"Jedan novi po\u010detak, mali i veliki ro\u0111endan!"},"content":{"rendered":"<p>\u017divimo u maloj zajednici, nas na radiju je petoro, Ena, Fredi, Igor, Karlo i Branko. Tu su Ileana i Sanjin s talijanskim vijestima, Cvetka sa slovenskim te Jadranka, Arlen i Neven s autorskim emisijama! Kroz program, emisije i\u00a0 vijesti, koje donosimo, &#8220;potajno&#8221; ulazimo u Va\u0161e domove, automobile, barke&#8230;<\/p>\n<p>\u017dalosti nas kad ukazujemo na probleme i pote\u0161ko\u0107e u zajednici, no na taj na\u010din, nadamo se da \u0107e se problemi lak\u0161e i prije otkloniti. Gura nas pozitiva i neizmjerno se radujemo svakom na\u0161em &#8211; lo\u0161injskom uspjehu. U posljednje vrijeme prepoznali su na\u0161 trud i napore gospodarstvenici! Vi\u0161e nismo radio &#8211; slu\u0161atelj, ve\u0107\u00a0 smo s brojnima u dobrim poslovnim odnosima, a kroz komunikaciju i razgovor stvore se nova prijateljstva!<\/p>\n<p>I to je ono \u0161to \u017eelim podijeliti s Vama! Na\u0161i poslovni partneri obilje\u017eili su godi\u0161njice svojih vrijednih aktivnosti! Tako smo koncem travnja prisustvovali otvorenju nove pekarnice Jadranka trgovine u Nerezinama, potom tijekom svibnja svakog ponedjeljka javljali smo se iz Moby Dick Gelaterie, a onda je Moby Dick proslavio drugi ro\u0111endan izdvojenog objekta u Velom Lo\u0161inju! Bravo Katya i Petre, samo tako naprijed!<\/p>\n<p>Ju\u010der smo boravili u Nerezinama u obiteljskom hotelu Manora kod Franke i Ronija! Oni obilje\u017eavaju dvadesetu godi\u0161njicu rada hotela, koji je danas pro\u0161iren s osamdesetak kreveta i s titulom Eko hotel! Bravo Franka i Ronald, Va\u0161i stalni gosti potvrda su kvalitete koju nudite u hotelu i restoranu Manora!<\/p>\n<p>Drago nam je da na\u0161i sugra\u0111ani, na\u0161i prijatelji i poslovni partneri ostvaruju uspjehe i na tome im od sveg srca \u010destitamo!<\/p>\n<p>Va\u0161 Radio Mali Lo\u0161inj radio Jadranka<\/p>\n<p><iframe title=\"120624 Hotel I Restoran Manora Nerezine\" width=\"100%\" height=\"120\" src=\"https:\/\/www.mixcloud.com\/widget\/iframe\/?feed=https%3A%2F%2Fwww.mixcloud.com%2Fradio_jadranka%2F120624-hotel-i-restoran-manora-nerezine%2F&amp;hide_cover=1\" frameborder=\"0\"><\/iframe><\/p>\n<div id='gallery-1' class='gallery galleryid-10750 gallery-columns-3 gallery-size-thumbnail'><figure class='gallery-item'>\n\t\t\t<div class='gallery-icon portrait'>\n\t\t\t\t<a href='https:\/\/radiojadranka.hr\/index.php\/2024\/06\/14\/vrijedne-ruke-novi-pocetak-i-vrijedne-obljetnice-manora-pekarnica-nerezine-moby-dick\/img_20240607_223248\/'><img decoding=\"async\" width=\"150\" height=\"150\" src=\"https:\/\/radiojadranka.hr\/wp-content\/uploads\/2024\/06\/IMG_20240607_223248-150x150.jpg\" class=\"attachment-thumbnail size-thumbnail\" alt=\"\" srcset=\"https:\/\/radiojadranka.hr\/wp-content\/uploads\/2024\/06\/IMG_20240607_223248-150x150.jpg 150w, https:\/\/radiojadranka.hr\/wp-content\/uploads\/2024\/06\/IMG_20240607_223248-100x100.jpg 100w, https:\/\/radiojadranka.hr\/wp-content\/uploads\/2024\/06\/IMG_20240607_223248-370x370.jpg 370w\" sizes=\"(max-width: 150px) 100vw, 150px\" \/><\/a>\n\t\t\t<\/div><\/figure><figure class='gallery-item'>\n\t\t\t<div class='gallery-icon landscape'>\n\t\t\t\t<a href='https:\/\/radiojadranka.hr\/index.php\/2024\/06\/14\/vrijedne-ruke-novi-pocetak-i-vrijedne-obljetnice-manora-pekarnica-nerezine-moby-dick\/attachment\/1718344778704\/'><img decoding=\"async\" width=\"150\" height=\"150\" src=\"https:\/\/radiojadranka.hr\/wp-content\/uploads\/2024\/06\/1718344778704-150x150.jpg\" class=\"attachment-thumbnail size-thumbnail\" alt=\"\" srcset=\"https:\/\/radiojadranka.hr\/wp-content\/uploads\/2024\/06\/1718344778704-150x150.jpg 150w, https:\/\/radiojadranka.hr\/wp-content\/uploads\/2024\/06\/1718344778704-100x100.jpg 100w, https:\/\/radiojadranka.hr\/wp-content\/uploads\/2024\/06\/1718344778704-370x370.jpg 370w\" sizes=\"(max-width: 150px) 100vw, 150px\" \/><\/a>\n\t\t\t<\/div><\/figure><figure class='gallery-item'>\n\t\t\t<div class='gallery-icon portrait'>\n\t\t\t\t<a href='https:\/\/radiojadranka.hr\/index.php\/2024\/06\/14\/vrijedne-ruke-novi-pocetak-i-vrijedne-obljetnice-manora-pekarnica-nerezine-moby-dick\/attachment\/1714388603350\/'><img decoding=\"async\" width=\"150\" height=\"150\" src=\"https:\/\/radiojadranka.hr\/wp-content\/uploads\/2024\/06\/1714388603350-150x150.jpg\" class=\"attachment-thumbnail size-thumbnail\" alt=\"\" srcset=\"https:\/\/radiojadranka.hr\/wp-content\/uploads\/2024\/06\/1714388603350-150x150.jpg 150w, https:\/\/radiojadranka.hr\/wp-content\/uploads\/2024\/06\/1714388603350-100x100.jpg 100w, https:\/\/radiojadranka.hr\/wp-content\/uploads\/2024\/06\/1714388603350-370x370.jpg 370w\" sizes=\"(max-width: 150px) 100vw, 150px\" \/><\/a>\n\t\t\t<\/div><\/figure><figure class='gallery-item'>\n\t\t\t<div class='gallery-icon portrait'>\n\t\t\t\t<a href='https:\/\/radiojadranka.hr\/index.php\/2024\/06\/14\/vrijedne-ruke-novi-pocetak-i-vrijedne-obljetnice-manora-pekarnica-nerezine-moby-dick\/attachment\/1713779684987\/'><img loading=\"lazy\" decoding=\"async\" width=\"150\" height=\"150\" src=\"https:\/\/radiojadranka.hr\/wp-content\/uploads\/2024\/06\/1713779684987-150x150.jpg\" class=\"attachment-thumbnail size-thumbnail\" alt=\"\" srcset=\"https:\/\/radiojadranka.hr\/wp-content\/uploads\/2024\/06\/1713779684987-150x150.jpg 150w, https:\/\/radiojadranka.hr\/wp-content\/uploads\/2024\/06\/1713779684987-100x100.jpg 100w, https:\/\/radiojadranka.hr\/wp-content\/uploads\/2024\/06\/1713779684987-370x370.jpg 370w\" sizes=\"(max-width: 150px) 100vw, 150px\" \/><\/a>\n\t\t\t<\/div><\/figure><figure class='gallery-item'>\n\t\t\t<div class='gallery-icon landscape'>\n\t\t\t\t<a href='https:\/\/radiojadranka.hr\/index.php\/2024\/06\/14\/vrijedne-ruke-novi-pocetak-i-vrijedne-obljetnice-manora-pekarnica-nerezine-moby-dick\/1714388603439-2\/'><img loading=\"lazy\" decoding=\"async\" width=\"150\" height=\"150\" src=\"https:\/\/radiojadranka.hr\/wp-content\/uploads\/2024\/06\/1714388603439-150x150.jpg\" class=\"attachment-thumbnail size-thumbnail\" alt=\"\" srcset=\"https:\/\/radiojadranka.hr\/wp-content\/uploads\/2024\/06\/1714388603439-150x150.jpg 150w, https:\/\/radiojadranka.hr\/wp-content\/uploads\/2024\/06\/1714388603439-100x100.jpg 100w, https:\/\/radiojadranka.hr\/wp-content\/uploads\/2024\/06\/1714388603439-370x370.jpg 370w\" sizes=\"(max-width: 150px) 100vw, 150px\" \/><\/a>\n\t\t\t<\/div><\/figure><figure class='gallery-item'>\n\t\t\t<div class='gallery-icon portrait'>\n\t\t\t\t<a href='https:\/\/radiojadranka.hr\/index.php\/2024\/06\/14\/vrijedne-ruke-novi-pocetak-i-vrijedne-obljetnice-manora-pekarnica-nerezine-moby-dick\/attachment\/1718344778731\/'><img loading=\"lazy\" decoding=\"async\" width=\"150\" height=\"150\" src=\"https:\/\/radiojadranka.hr\/wp-content\/uploads\/2024\/06\/1718344778731-150x150.jpg\" class=\"attachment-thumbnail size-thumbnail\" alt=\"\" srcset=\"https:\/\/radiojadranka.hr\/wp-content\/uploads\/2024\/06\/1718344778731-150x150.jpg 150w, https:\/\/radiojadranka.hr\/wp-content\/uploads\/2024\/06\/1718344778731-100x100.jpg 100w, https:\/\/radiojadranka.hr\/wp-content\/uploads\/2024\/06\/1718344778731-370x370.jpg 370w\" sizes=\"(max-width: 150px) 100vw, 150px\" \/><\/a>\n\t\t\t<\/div><\/figure>\n\t\t<\/div>\n\n","protected":false},"excerpt":{"rendered":"<p>\u017divimo u maloj zajednici, nas na radiju je petoro, Ena, Fredi, Igor, Karlo i Branko. Tu su Ileana i Sanjin s talijanskim vijestima, Cvetka sa slovenskim te Jadranka, Arlen i Neven s autorskim emisijama! Kroz program, emisije i\u00a0 vijesti, koje donosimo, &#8220;potajno&#8221; ulazimo u Va\u0161e domove, automobile, barke&#8230; \u017dalosti nas ...<\/p>\n","protected":false},"author":2,"featured_media":10769,"comment_status":"closed","ping_status":"open","sticky":false,"template":"","format":"audio","meta":{"footnotes":""},"categories":[72],"tags":[],"class_list":["post-10750","post","type-post","status-publish","format-audio","has-post-thumbnail","hentry","category-vijesti","post_format-post-format-audio"],"aioseo_notices":[],"_links":{"self":[{"href":"https:\/\/radiojadranka.hr\/index.php\/wp-json\/wp\/v2\/posts\/10750","targetHints":{"allow":["GET"]}}],"collection":[{"href":"https:\/\/radiojadranka.hr\/index.php\/wp-json\/wp\/v2\/posts"}],"about":[{"href":"https:\/\/radiojadranka.hr\/index.php\/wp-json\/wp\/v2\/types\/post"}],"author":[{"embeddable":true,"href":"https:\/\/radiojadranka.hr\/index.php\/wp-json\/wp\/v2\/users\/2"}],"replies":[{"embeddable":true,"href":"https:\/\/radiojadranka.hr\/index.php\/wp-json\/wp\/v2\/comments?post=10750"}],"version-history":[{"count":5,"href":"https:\/\/radiojadranka.hr\/index.php\/wp-json\/wp\/v2\/posts\/10750\/revisions"}],"predecessor-version":[{"id":10772,"href":"https:\/\/radiojadranka.hr\/index.php\/wp-json\/wp\/v2\/posts\/10750\/revisions\/10772"}],"wp:featuredmedia":[{"embeddable":true,"href":"https:\/\/radiojadranka.hr\/index.php\/wp-json\/wp\/v2\/media\/10769"}],"wp:attachment":[{"href":"https:\/\/radiojadranka.hr\/index.php\/wp-json\/wp\/v2\/media?parent=10750"}],"wp:term":[{"taxonomy":"category","embeddable":true,"href":"https:\/\/radiojadranka.hr\/index.php\/wp-json\/wp\/v2\/categories?post=10750"},{"taxonomy":"post_tag","embeddable":true,"href":"https:\/\/radiojadranka.hr\/index.php\/wp-json\/wp\/v2\/tags?post=10750"}],"curies":[{"name":"wp","href":"https:\/\/api.w.org\/{rel}","templated":true}]}}