{"id":10733,"date":"2024-06-13T12:48:01","date_gmt":"2024-06-13T10:48:01","guid":{"rendered":"https:\/\/radiojadranka.hr\/?p=10733"},"modified":"2024-08-20T08:47:15","modified_gmt":"2024-08-20T06:47:15","slug":"75-novinara-njemacke-radio-televizije-boravilo-na-losinju","status":"publish","type":"post","link":"https:\/\/radiojadranka.hr\/index.php\/2024\/06\/13\/75-novinara-njemacke-radio-televizije-boravilo-na-losinju\/","title":{"rendered":"75 novinara njema\u010dke radio-televizije boravilo na Lo\u0161inju!"},"content":{"rendered":"<p>Novinari, urednici, voditelji, tehni\u010dari njema\u010dke radio-televizije, njih sedamdeset i petoro tradicionalno dolaze na Jadran po\u010detkom ljeta. Ove godine brodovi Riva toursa doveli su ih na sjeverni dio Jadrana! Aktivni je to turizam,\u00a0 gosti na brodovima imaju bicikle s kojima obilaze destinacije u koje se brodovi ve\u017eu. Ju\u010der su boravili u Malom Lo\u0161inju, a turisti\u010dka zajednica priremila im je i program dobrodo\u0161lice.\u00a0 Do\u010dekali su ih najmla\u0111i \u010dlanovi folklorne skupine Manfrina i predstavili im Sus\u010dku no\u0161nju, a u ponudi su se na\u0161li zdravi napitci i lo\u0161injski krokant iz Moby Dick-a!<\/p>\n<p>Goste je s lo\u0161injskom povije\u0161\u0107u upoznala na\u0161a Ileana Br\u010di\u0107!<\/p>\n<p>Sigurni smo da su putovanje nastavili puni lo\u0161injskih dojmova!<\/p>\n<p>Foto: Katya i Ileana<\/p>\n<p>&nbsp;<\/p>\n<div id='gallery-1' class='gallery galleryid-10733 gallery-columns-3 gallery-size-thumbnail'><figure class='gallery-item'>\n\t\t\t<div class='gallery-icon landscape'>\n\t\t\t\t<a href='https:\/\/radiojadranka.hr\/wp-content\/uploads\/2024\/06\/20240612_181329-scaled.jpg'><img decoding=\"async\" width=\"150\" height=\"150\" src=\"https:\/\/radiojadranka.hr\/wp-content\/uploads\/2024\/06\/20240612_181329-150x150.jpg\" class=\"attachment-thumbnail size-thumbnail\" alt=\"Brodovima Riva Tours-a u Mali Lo\u0161inj stiglo 75 novinara njema\u010dke radio - televizije\" srcset=\"https:\/\/radiojadranka.hr\/wp-content\/uploads\/2024\/06\/20240612_181329-150x150.jpg 150w, https:\/\/radiojadranka.hr\/wp-content\/uploads\/2024\/06\/20240612_181329-100x100.jpg 100w, https:\/\/radiojadranka.hr\/wp-content\/uploads\/2024\/06\/20240612_181329-370x370.jpg 370w\" sizes=\"(max-width: 150px) 100vw, 150px\" \/><\/a>\n\t\t\t<\/div><\/figure><figure class='gallery-item'>\n\t\t\t<div class='gallery-icon landscape'>\n\t\t\t\t<a href='https:\/\/radiojadranka.hr\/wp-content\/uploads\/2024\/06\/20240612_181101-scaled.jpg'><img decoding=\"async\" width=\"150\" height=\"150\" src=\"https:\/\/radiojadranka.hr\/wp-content\/uploads\/2024\/06\/20240612_181101-150x150.jpg\" class=\"attachment-thumbnail size-thumbnail\" alt=\"Riva Tours - u Mali Lo\u0161inj stiglo 75 novinara njema\u010dke radio - televizije, do\u010dek folklorno dru\u0161tvo\" srcset=\"https:\/\/radiojadranka.hr\/wp-content\/uploads\/2024\/06\/20240612_181101-150x150.jpg 150w, https:\/\/radiojadranka.hr\/wp-content\/uploads\/2024\/06\/20240612_181101-100x100.jpg 100w, https:\/\/radiojadranka.hr\/wp-content\/uploads\/2024\/06\/20240612_181101-370x370.jpg 370w\" sizes=\"(max-width: 150px) 100vw, 150px\" \/><\/a>\n\t\t\t<\/div><\/figure><figure class='gallery-item'>\n\t\t\t<div class='gallery-icon landscape'>\n\t\t\t\t<a href='https:\/\/radiojadranka.hr\/wp-content\/uploads\/2024\/06\/20240612_181310-scaled.jpg'><img decoding=\"async\" width=\"150\" height=\"150\" src=\"https:\/\/radiojadranka.hr\/wp-content\/uploads\/2024\/06\/20240612_181310-150x150.jpg\" class=\"attachment-thumbnail size-thumbnail\" alt=\"Brodovima Riva Tours-a u Mali Lo\u0161inj stiglo 75 novinara njema\u010dke radio - televizije\" srcset=\"https:\/\/radiojadranka.hr\/wp-content\/uploads\/2024\/06\/20240612_181310-150x150.jpg 150w, https:\/\/radiojadranka.hr\/wp-content\/uploads\/2024\/06\/20240612_181310-100x100.jpg 100w, https:\/\/radiojadranka.hr\/wp-content\/uploads\/2024\/06\/20240612_181310-370x370.jpg 370w\" sizes=\"(max-width: 150px) 100vw, 150px\" \/><\/a>\n\t\t\t<\/div><\/figure><figure class='gallery-item'>\n\t\t\t<div class='gallery-icon landscape'>\n\t\t\t\t<a href='https:\/\/radiojadranka.hr\/wp-content\/uploads\/2024\/06\/20240612_194239-1.jpg'><img loading=\"lazy\" decoding=\"async\" width=\"150\" height=\"150\" src=\"https:\/\/radiojadranka.hr\/wp-content\/uploads\/2024\/06\/20240612_194239-1-150x150.jpg\" class=\"attachment-thumbnail size-thumbnail\" alt=\"Brodovima Riva Tours-a u Mali Lo\u0161inj stiglo 75 novinara njema\u010dke radio - televizije\" srcset=\"https:\/\/radiojadranka.hr\/wp-content\/uploads\/2024\/06\/20240612_194239-1-150x150.jpg 150w, https:\/\/radiojadranka.hr\/wp-content\/uploads\/2024\/06\/20240612_194239-1-100x100.jpg 100w, https:\/\/radiojadranka.hr\/wp-content\/uploads\/2024\/06\/20240612_194239-1-370x370.jpg 370w\" sizes=\"(max-width: 150px) 100vw, 150px\" \/><\/a>\n\t\t\t<\/div><\/figure>\n\t\t<\/div>\n\n<p>&nbsp;<\/p>\n","protected":false},"excerpt":{"rendered":"<p>Novinari, urednici, voditelji, tehni\u010dari njema\u010dke radio-televizije, njih sedamdeset i petoro tradicionalno dolaze na Jadran po\u010detkom ljeta. Ove godine brodovi Riva toursa doveli su ih na sjeverni dio Jadrana! Aktivni je to turizam,\u00a0 gosti na brodovima imaju bicikle s kojima obilaze destinacije u koje se brodovi ve\u017eu. Ju\u010der su boravili u ...<\/p>\n","protected":false},"author":2,"featured_media":10738,"comment_status":"closed","ping_status":"open","sticky":false,"template":"","format":"audio","meta":{"footnotes":""},"categories":[72],"tags":[],"class_list":["post-10733","post","type-post","status-publish","format-audio","has-post-thumbnail","hentry","category-vijesti","post_format-post-format-audio"],"aioseo_notices":[],"_links":{"self":[{"href":"https:\/\/radiojadranka.hr\/index.php\/wp-json\/wp\/v2\/posts\/10733","targetHints":{"allow":["GET"]}}],"collection":[{"href":"https:\/\/radiojadranka.hr\/index.php\/wp-json\/wp\/v2\/posts"}],"about":[{"href":"https:\/\/radiojadranka.hr\/index.php\/wp-json\/wp\/v2\/types\/post"}],"author":[{"embeddable":true,"href":"https:\/\/radiojadranka.hr\/index.php\/wp-json\/wp\/v2\/users\/2"}],"replies":[{"embeddable":true,"href":"https:\/\/radiojadranka.hr\/index.php\/wp-json\/wp\/v2\/comments?post=10733"}],"version-history":[{"count":5,"href":"https:\/\/radiojadranka.hr\/index.php\/wp-json\/wp\/v2\/posts\/10733\/revisions"}],"predecessor-version":[{"id":10749,"href":"https:\/\/radiojadranka.hr\/index.php\/wp-json\/wp\/v2\/posts\/10733\/revisions\/10749"}],"wp:featuredmedia":[{"embeddable":true,"href":"https:\/\/radiojadranka.hr\/index.php\/wp-json\/wp\/v2\/media\/10738"}],"wp:attachment":[{"href":"https:\/\/radiojadranka.hr\/index.php\/wp-json\/wp\/v2\/media?parent=10733"}],"wp:term":[{"taxonomy":"category","embeddable":true,"href":"https:\/\/radiojadranka.hr\/index.php\/wp-json\/wp\/v2\/categories?post=10733"},{"taxonomy":"post_tag","embeddable":true,"href":"https:\/\/radiojadranka.hr\/index.php\/wp-json\/wp\/v2\/tags?post=10733"}],"curies":[{"name":"wp","href":"https:\/\/api.w.org\/{rel}","templated":true}]}}